{"id":21825,"date":"2025-09-15T04:18:04","date_gmt":"2025-09-15T08:18:04","guid":{"rendered":"https:\/\/entretormentas.com\/?p=21825"},"modified":"2025-09-15T04:18:05","modified_gmt":"2025-09-15T08:18:05","slug":"por-sexto-ano-consecutivo-basilica-abre-concurso-virtual-una-gaita-para-la-chinita-2025","status":"publish","type":"post","link":"https:\/\/entretormentas.com\/por-sexto-ano-consecutivo-basilica-abre-concurso-virtual-una-gaita-para-la-chinita-2025\/","title":{"rendered":"\u00a1POR SEXTO A\u00d1O CONSECUTIVO! Bas\u00edlica abre concurso virtual \u00abUna gaita para la Chinita 2025\u00bb"},"content":{"rendered":"\n<p><strong>ENTRE TORMENTAS. <\/strong>La Bas\u00edlica de Nuestra Se\u00f1ora del Rosario de Chiquinquir\u00e1, junto a la Parroquia San Juan de Dios de la Arquidi\u00f3cesis de Maracaibo, anunci\u00f3 la apertura del 6.\u00ba concurso virtual Una gaita para la Chinita, iniciativa que busca seleccionar el tema oficial de las Fiestas Patronales 2025 en honor a la Virgen de Chiquinquir\u00e1.<\/p>\n\n\n\n<p>Al igual que en a\u00f1os anteriores y seg\u00fan la convocatoria publicada en la cuenta oficial de la Bas\u00edlica, el tema ganador ser\u00e1 interpretado por la agrupaci\u00f3n gaitera Servidores de Mar\u00eda y se convertir\u00e1 en la gaita oficial de las festividades religiosas de este a\u00f1o. La composici\u00f3n ser\u00e1 evaluada en tres renglones: lit\u00fargica, l\u00edrica y musical.<\/p>\n\n\n\n<p>El jurado estar\u00e1 conformado por10 figuras representativas de la gaita zuliana, bajo la coordinaci\u00f3n del p\u00e1rroco rector, presb\u00edtero Nedward Andrade.<\/p>\n\n\n\n<figure class=\"wp-block-image size-large\"><img fetchpriority=\"high\" decoding=\"async\" width=\"819\" height=\"1024\" src=\"https:\/\/entretormentas.com\/wp-content\/uploads\/2025\/09\/gaitachi2-819x1024.jpeg\" alt=\"\" class=\"wp-image-21826\" srcset=\"https:\/\/entretormentas.com\/wp-content\/uploads\/2025\/09\/gaitachi2-819x1024.jpeg 819w, https:\/\/entretormentas.com\/wp-content\/uploads\/2025\/09\/gaitachi2-240x300.jpeg 240w, https:\/\/entretormentas.com\/wp-content\/uploads\/2025\/09\/gaitachi2-768x960.jpeg 768w, https:\/\/entretormentas.com\/wp-content\/uploads\/2025\/09\/gaitachi2.jpeg 864w\" sizes=\"(max-width: 819px) 100vw, 819px\" \/><\/figure>\n\n\n\n<p><strong>BASES DEL CONCURSO:<\/strong><br>-Las composiciones deben enviarse en formato Word, junto con una maqueta en MP3, al correo: concursogaitapatronales@gmail.com<br>-El compositor no debe revelar su nombre en la grabaci\u00f3n.<br>-La letra debe incluir el lema de las Fiestas Patronales 2025: \u201cCon Chiquinquir\u00e1 adoremos a Jes\u00fas, fuente de toda santidad\u201d.<br>-Cada participante podr\u00e1 enviar solo una composici\u00f3n.<br>-No se permiten v\u00ednculos familiares entre los compositores y los miembros del jurado.<\/p>\n\n\n\n<figure class=\"wp-block-image size-large\"><img decoding=\"async\" width=\"819\" height=\"1024\" src=\"https:\/\/entretormentas.com\/wp-content\/uploads\/2025\/09\/gaitachi3-819x1024.jpeg\" alt=\"\" class=\"wp-image-21827\" srcset=\"https:\/\/entretormentas.com\/wp-content\/uploads\/2025\/09\/gaitachi3-819x1024.jpeg 819w, https:\/\/entretormentas.com\/wp-content\/uploads\/2025\/09\/gaitachi3-240x300.jpeg 240w, https:\/\/entretormentas.com\/wp-content\/uploads\/2025\/09\/gaitachi3-768x960.jpeg 768w, https:\/\/entretormentas.com\/wp-content\/uploads\/2025\/09\/gaitachi3.jpeg 864w\" sizes=\"(max-width: 819px) 100vw, 819px\" \/><\/figure>\n\n\n\n<p><strong>FECHAS CLAVE:<\/strong><br>-14 de septiembre: inicio de recepci\u00f3n de propuestas.<br>-10 de octubre (12:00 m): cierre del per\u00edodo de recepci\u00f3n.<br>-11 de octubre (10:00 a.\u202fm.): deliberaci\u00f3n y anuncio del tema ganador tras la eucarist\u00eda en el sal\u00f3n parroquial.<br>-18 de octubre: lanzamiento oficial del tema en redes sociales y plataformas digitales.<\/p>\n\n\n\n<p>La convocatoria busca promover la creatividad musical en torno a la devoci\u00f3n mariana y fortalecer el v\u00ednculo entre la tradici\u00f3n gaitera y la fe popular zuliana.<br><strong><em>ET \/ NAD<\/em><\/strong><\/p>\n","protected":false},"excerpt":{"rendered":"<p>ENTRE TORMENTAS. La Bas\u00edlica de Nuestra Se\u00f1ora del Rosario de Chiquinquir\u00e1, junto a la Parroquia&#8230;<\/p>\n","protected":false},"author":2,"featured_media":21828,"comment_status":"closed","ping_status":"open","sticky":false,"template":"","format":"standard","meta":{"footnotes":""},"categories":[57,1],"tags":[],"class_list":["post-21825","post","type-post","status-publish","format-standard","has-post-thumbnail","hentry","category-actualidad","category-regionales"],"_links":{"self":[{"href":"https:\/\/entretormentas.com\/index.php?rest_route=\/wp\/v2\/posts\/21825","targetHints":{"allow":["GET"]}}],"collection":[{"href":"https:\/\/entretormentas.com\/index.php?rest_route=\/wp\/v2\/posts"}],"about":[{"href":"https:\/\/entretormentas.com\/index.php?rest_route=\/wp\/v2\/types\/post"}],"author":[{"embeddable":true,"href":"https:\/\/entretormentas.com\/index.php?rest_route=\/wp\/v2\/users\/2"}],"replies":[{"embeddable":true,"href":"https:\/\/entretormentas.com\/index.php?rest_route=%2Fwp%2Fv2%2Fcomments&post=21825"}],"version-history":[{"count":1,"href":"https:\/\/entretormentas.com\/index.php?rest_route=\/wp\/v2\/posts\/21825\/revisions"}],"predecessor-version":[{"id":21829,"href":"https:\/\/entretormentas.com\/index.php?rest_route=\/wp\/v2\/posts\/21825\/revisions\/21829"}],"wp:featuredmedia":[{"embeddable":true,"href":"https:\/\/entretormentas.com\/index.php?rest_route=\/wp\/v2\/media\/21828"}],"wp:attachment":[{"href":"https:\/\/entretormentas.com\/index.php?rest_route=%2Fwp%2Fv2%2Fmedia&parent=21825"}],"wp:term":[{"taxonomy":"category","embeddable":true,"href":"https:\/\/entretormentas.com\/index.php?rest_route=%2Fwp%2Fv2%2Fcategories&post=21825"},{"taxonomy":"post_tag","embeddable":true,"href":"https:\/\/entretormentas.com\/index.php?rest_route=%2Fwp%2Fv2%2Ftags&post=21825"}],"curies":[{"name":"wp","href":"https:\/\/api.w.org\/{rel}","templated":true}]}}