{"id":21835,"date":"2025-09-15T04:25:38","date_gmt":"2025-09-15T08:25:38","guid":{"rendered":"https:\/\/entretormentas.com\/?p=21835"},"modified":"2025-09-15T04:25:39","modified_gmt":"2025-09-15T08:25:39","slug":"de-forma-progresiva-alcaldia-surena-restituye-servicio-de-gas-en-sectores-afectados-tras-explosion-del-jueves","status":"publish","type":"post","link":"https:\/\/entretormentas.com\/de-forma-progresiva-alcaldia-surena-restituye-servicio-de-gas-en-sectores-afectados-tras-explosion-del-jueves\/","title":{"rendered":"\u00a1DE FORMA PROGRESIVA! Alcald\u00eda sure\u00f1a restituye servicio de gas en sectores afectados tras explosi\u00f3n del jueves"},"content":{"rendered":"\n<p><strong>ENTRE TORMENTAS. <\/strong>Desde los acontecimientos del pasado jueves en el barrio Lucha y Batalla del municipio San Francisco, en donde explot\u00f3 un galp\u00f3n de fuegos artificiales, el Instituto P\u00fablico Municipal de Gas (IPMGAS) de la Alcald\u00eda presidida por H\u00e9ctor Soto, despleg\u00f3 un plan de emergencia con cuadrillas de trabajo, con el fin de ejecutar el cierre inmediato de las v\u00e1lvulas de la estaci\u00f3n ubicada en Zona Industrial 2, que alimenta a sectores de la parroquia Marcial Hern\u00e1ndez y Domitila Flores.<\/p>\n\n\n\n<p>Jexcel Fern\u00e1ndez, presidenta de IPMGAS, manifest\u00f3 que el plan de emergencia inici\u00f3 con la inspecci\u00f3n de la tuber\u00eda de alimentaci\u00f3n del sector afectado, para luego cerrar la v\u00e1lvula en cuesti\u00f3n que surte el barrio El Callao, El Silencio y Luis Aparicio. \u00abPor parte de PDVSA Gas se procedi\u00f3 al cierre de la estaci\u00f3n Lomitas 2\u00bb, precis\u00f3 Fern\u00e1ndez.<\/p>\n\n\n\n<figure class=\"wp-block-image size-large\"><img fetchpriority=\"high\" decoding=\"async\" width=\"1024\" height=\"768\" src=\"https:\/\/entretormentas.com\/wp-content\/uploads\/2025\/09\/surgas3-1024x768.jpeg\" alt=\"\" class=\"wp-image-21836\" srcset=\"https:\/\/entretormentas.com\/wp-content\/uploads\/2025\/09\/surgas3-1024x768.jpeg 1024w, https:\/\/entretormentas.com\/wp-content\/uploads\/2025\/09\/surgas3-300x225.jpeg 300w, https:\/\/entretormentas.com\/wp-content\/uploads\/2025\/09\/surgas3-768x576.jpeg 768w, https:\/\/entretormentas.com\/wp-content\/uploads\/2025\/09\/surgas3.jpeg 1280w\" sizes=\"(max-width: 1024px) 100vw, 1024px\" \/><\/figure>\n\n\n\n<p>Aunado a esto, Fern\u00e1ndez resalt\u00f3 que unas cuatro mil personas quedaron afectadas sin recibir el servicio de gas por tuber\u00eda, las cuales se encuentran ubicadas en los sectores Lucha Y Batalla Ricaurte 1, Ricaurte 2, Agua Viva, \u00c1rbol de las 4 Raices, Coraz\u00f3n de Mi Patria, Ezequiel Zamora, Villa Nueva Jerusal\u00e9n pertenecientes a la UBCH Ricaurte 2.<\/p>\n\n\n\n<p>Asimismo, Jexcel Fern\u00e1ndez inform\u00f3 que este es un trabajo en articulaci\u00f3n con PDVSA GAS, quienes a su vez se encuentran evaluando la restituci\u00f3n progresiva del suministro de Gas, aperturando las v\u00e1lvulas de las Estaciones Lomitas 2, Zona Industrial 2 y Zona Industrial 2A, que permitan realizar pruebas de fugas para dar respuesta a los sectores con respecto a la reposici\u00f3n definitiva del servicio.<br><strong><em>ET \/ Prensa Alcald\u00eda de San Francisco<\/em><\/strong><\/p>\n","protected":false},"excerpt":{"rendered":"<p>ENTRE TORMENTAS. Desde los acontecimientos del pasado jueves en el barrio Lucha y Batalla del&#8230;<\/p>\n","protected":false},"author":2,"featured_media":21837,"comment_status":"closed","ping_status":"open","sticky":false,"template":"","format":"standard","meta":{"footnotes":""},"categories":[57,1],"tags":[],"class_list":["post-21835","post","type-post","status-publish","format-standard","has-post-thumbnail","hentry","category-actualidad","category-regionales"],"_links":{"self":[{"href":"https:\/\/entretormentas.com\/index.php?rest_route=\/wp\/v2\/posts\/21835","targetHints":{"allow":["GET"]}}],"collection":[{"href":"https:\/\/entretormentas.com\/index.php?rest_route=\/wp\/v2\/posts"}],"about":[{"href":"https:\/\/entretormentas.com\/index.php?rest_route=\/wp\/v2\/types\/post"}],"author":[{"embeddable":true,"href":"https:\/\/entretormentas.com\/index.php?rest_route=\/wp\/v2\/users\/2"}],"replies":[{"embeddable":true,"href":"https:\/\/entretormentas.com\/index.php?rest_route=%2Fwp%2Fv2%2Fcomments&post=21835"}],"version-history":[{"count":1,"href":"https:\/\/entretormentas.com\/index.php?rest_route=\/wp\/v2\/posts\/21835\/revisions"}],"predecessor-version":[{"id":21838,"href":"https:\/\/entretormentas.com\/index.php?rest_route=\/wp\/v2\/posts\/21835\/revisions\/21838"}],"wp:featuredmedia":[{"embeddable":true,"href":"https:\/\/entretormentas.com\/index.php?rest_route=\/wp\/v2\/media\/21837"}],"wp:attachment":[{"href":"https:\/\/entretormentas.com\/index.php?rest_route=%2Fwp%2Fv2%2Fmedia&parent=21835"}],"wp:term":[{"taxonomy":"category","embeddable":true,"href":"https:\/\/entretormentas.com\/index.php?rest_route=%2Fwp%2Fv2%2Fcategories&post=21835"},{"taxonomy":"post_tag","embeddable":true,"href":"https:\/\/entretormentas.com\/index.php?rest_route=%2Fwp%2Fv2%2Ftags&post=21835"}],"curies":[{"name":"wp","href":"https:\/\/api.w.org\/{rel}","templated":true}]}}