{"id":21839,"date":"2025-09-15T04:29:49","date_gmt":"2025-09-15T08:29:49","guid":{"rendered":"https:\/\/entretormentas.com\/?p=21839"},"modified":"2025-09-15T04:29:49","modified_gmt":"2025-09-15T08:29:49","slug":"alcaldia-de-maracaibo-mercado-popular-lleva-mas-de-4-5-toneladas-de-alimentos-a-francisco-eugenio-bustamante","status":"publish","type":"post","link":"https:\/\/entretormentas.com\/alcaldia-de-maracaibo-mercado-popular-lleva-mas-de-4-5-toneladas-de-alimentos-a-francisco-eugenio-bustamante\/","title":{"rendered":"\u00a1ALCALD\u00cdA DE MARACAIBO! Mercado Popular lleva m\u00e1s de 4.5 toneladas de alimentos a Francisco Eugenio Bustamante"},"content":{"rendered":"\n<p><strong>ENTRE TORMENTAS.<\/strong> M\u00e1s de 4.5 toneladas de alimentos fueron expendidas este s\u00e1bado durante la jornada de Mercados Populares, organizada por la Alcald\u00eda de Maracaibo en la parroquia Francisco Eugenio Bustamante.<\/p>\n\n\n\n<p>La actividad se desarroll\u00f3 en la avenida principal de Cuatricentenario, en la cancha de usos m\u00faltiples Hidalgo Herrera, donde m\u00e1s de mil personas resultaron beneficiadas.<\/p>\n\n\n\n<figure class=\"wp-block-image size-large\"><img fetchpriority=\"high\" decoding=\"async\" width=\"1024\" height=\"683\" src=\"https:\/\/entretormentas.com\/wp-content\/uploads\/2025\/09\/mercadi2-1024x683.jpeg\" alt=\"\" class=\"wp-image-21840\" srcset=\"https:\/\/entretormentas.com\/wp-content\/uploads\/2025\/09\/mercadi2-1024x683.jpeg 1024w, https:\/\/entretormentas.com\/wp-content\/uploads\/2025\/09\/mercadi2-300x200.jpeg 300w, https:\/\/entretormentas.com\/wp-content\/uploads\/2025\/09\/mercadi2-768x512.jpeg 768w, https:\/\/entretormentas.com\/wp-content\/uploads\/2025\/09\/mercadi2.jpeg 1280w\" sizes=\"(max-width: 1024px) 100vw, 1024px\" \/><\/figure>\n\n\n\n<p>Del total distribuido, 2.2 toneladas correspondieron a alimentos proteicos, principalmente pollo. La jornada tambi\u00e9n incluy\u00f3 atenci\u00f3n m\u00e9dica integral con servicios de inmunizaci\u00f3n, pediatr\u00eda, medicina general e interna, valoraci\u00f3n nutricional, entrega de medicamentos, ex\u00e1menes cardiovasculares para ni\u00f1os y ecograf\u00edas diagn\u00f3sticas para el despistaje de patolog\u00edas mamarias y uterinas.<\/p>\n\n\n\n<p>En paralelo, se ofreci\u00f3 atenci\u00f3n veterinaria gratuita, con consultas, desparasitaci\u00f3n, vacunaci\u00f3n antirr\u00e1bica, limpieza de o\u00eddos y corte de u\u00f1as para las mascotas.<\/p>\n\n\n\n<p>El alcalde Gian Carlos Di Martino destac\u00f3 el alcance de la actividad: \u201cPor instrucciones de nuestro presidente Nicol\u00e1s Maduro y con el apoyo del gobernador Luis Caldera, colocamos a disposici\u00f3n del pueblo m\u00e1s de cuatro toneladas y media de alimentos.<\/p>\n\n\n\n<p><strong>IMPULSO A EMPRENDEDORES Y PRODUCTORES<\/strong><br>Adem\u00e1s de la distribuci\u00f3n de alimentos b\u00e1sicos, la jornada se consolid\u00f3 como un espacio para el emprendimiento local. Comerciantes, productores y pescadores ofrecieron sus productos a precios justos, dinamizando la econom\u00eda regional y acercando la producci\u00f3n directamente a los hogares marabinos.<\/p>\n\n\n\n<p>Desde Santa Rosa de Agua, los pescadores llevaron camarones y tilapia; mientras que emprendedores y empresas locales exhibieron una amplia variedad de productos agr\u00edcolas, artesanales y de consumo masivo.<\/p>\n\n\n\n<figure class=\"wp-block-image size-large\"><img decoding=\"async\" width=\"1024\" height=\"683\" src=\"https:\/\/entretormentas.com\/wp-content\/uploads\/2025\/09\/mercadi3-1024x683.jpeg\" alt=\"\" class=\"wp-image-21841\" srcset=\"https:\/\/entretormentas.com\/wp-content\/uploads\/2025\/09\/mercadi3-1024x683.jpeg 1024w, https:\/\/entretormentas.com\/wp-content\/uploads\/2025\/09\/mercadi3-300x200.jpeg 300w, https:\/\/entretormentas.com\/wp-content\/uploads\/2025\/09\/mercadi3-768x512.jpeg 768w, https:\/\/entretormentas.com\/wp-content\/uploads\/2025\/09\/mercadi3.jpeg 1280w\" sizes=\"(max-width: 1024px) 100vw, 1024px\" \/><\/figure>\n\n\n\n<p><strong>FUNDEPO APOYA PRODUCCI\u00d3N LOCAL<\/strong><br>Gelson Carrillo, presidente de Fundepo inform\u00f3 que todos los productos son de excelente calidad, apoyando el emprendimiento local, que cada semana se fortalece con m\u00e1s participantes, desde agricultores hasta artesanos, llevando lo mejor de su producci\u00f3n al pueblo\u201d.<\/p>\n\n\n\n<p>Por su parte, Ariadne Mendoza, representante de la empresa Menferca, agradeci\u00f3 el espacio abierto a los productores: \u201cEs una oportunidad para ofrecer lo que cultivamos y producimos, evitando la especulaci\u00f3n y garantizando buenos precios para la comunidad\u201d.<\/p>\n\n\n\n<p>Con estas jornadas, los Mercados Populares de Maracaibo se consolidan como un punto de encuentro entre productores, emprendedores e instituciones, donde el abastecimiento alimentario, la salud y el impulso econ\u00f3mico local convergen en beneficio de la colectividad.<br><strong><em>ET \/ Prensa Alcald\u00eda de Maracaibo<\/em><\/strong><\/p>\n\n\n\n<p><\/p>\n","protected":false},"excerpt":{"rendered":"<p>ENTRE TORMENTAS. M\u00e1s de 4.5 toneladas de alimentos fueron expendidas este s\u00e1bado durante la jornada&#8230;<\/p>\n","protected":false},"author":2,"featured_media":21842,"comment_status":"closed","ping_status":"open","sticky":false,"template":"","format":"standard","meta":{"footnotes":""},"categories":[57,1],"tags":[],"class_list":["post-21839","post","type-post","status-publish","format-standard","has-post-thumbnail","hentry","category-actualidad","category-regionales"],"_links":{"self":[{"href":"https:\/\/entretormentas.com\/index.php?rest_route=\/wp\/v2\/posts\/21839","targetHints":{"allow":["GET"]}}],"collection":[{"href":"https:\/\/entretormentas.com\/index.php?rest_route=\/wp\/v2\/posts"}],"about":[{"href":"https:\/\/entretormentas.com\/index.php?rest_route=\/wp\/v2\/types\/post"}],"author":[{"embeddable":true,"href":"https:\/\/entretormentas.com\/index.php?rest_route=\/wp\/v2\/users\/2"}],"replies":[{"embeddable":true,"href":"https:\/\/entretormentas.com\/index.php?rest_route=%2Fwp%2Fv2%2Fcomments&post=21839"}],"version-history":[{"count":1,"href":"https:\/\/entretormentas.com\/index.php?rest_route=\/wp\/v2\/posts\/21839\/revisions"}],"predecessor-version":[{"id":21843,"href":"https:\/\/entretormentas.com\/index.php?rest_route=\/wp\/v2\/posts\/21839\/revisions\/21843"}],"wp:featuredmedia":[{"embeddable":true,"href":"https:\/\/entretormentas.com\/index.php?rest_route=\/wp\/v2\/media\/21842"}],"wp:attachment":[{"href":"https:\/\/entretormentas.com\/index.php?rest_route=%2Fwp%2Fv2%2Fmedia&parent=21839"}],"wp:term":[{"taxonomy":"category","embeddable":true,"href":"https:\/\/entretormentas.com\/index.php?rest_route=%2Fwp%2Fv2%2Fcategories&post=21839"},{"taxonomy":"post_tag","embeddable":true,"href":"https:\/\/entretormentas.com\/index.php?rest_route=%2Fwp%2Fv2%2Ftags&post=21839"}],"curies":[{"name":"wp","href":"https:\/\/api.w.org\/{rel}","templated":true}]}}