{"id":21850,"date":"2025-09-15T04:36:53","date_gmt":"2025-09-15T08:36:53","guid":{"rendered":"https:\/\/entretormentas.com\/?p=21850"},"modified":"2025-09-15T04:36:54","modified_gmt":"2025-09-15T08:36:54","slug":"arranca-el-nuevo-ano-escolar-mas-de-110-mil-estudiantes-se-reincorporan-hoy-al-sistema-educativo","status":"publish","type":"post","link":"https:\/\/entretormentas.com\/arranca-el-nuevo-ano-escolar-mas-de-110-mil-estudiantes-se-reincorporan-hoy-al-sistema-educativo\/","title":{"rendered":"\u00a1ARRANCA EL NUEVO A\u00d1O ESCOLAR! M\u00e1s de 110 mil estudiantes se reincorporan hoy al sistema educativo"},"content":{"rendered":"\n<p><strong>ENTRE TORMENTAS.<\/strong> El ministro de Educaci\u00f3n, H\u00e9ctor Rodr\u00edguez, ratific\u00f3 que este lunes 15 de septiembre iniciar\u00e1 el Primer Momento Pedag\u00f3gico correspondiente al per\u00edodo escolar 2025\u20132026, con el retorno a clases en todo el pa\u00eds.<\/p>\n\n\n\n<p>Como parte del plan nacional de 100% escolaridad, se prev\u00e9 la incorporaci\u00f3n de m\u00e1s de 110 mil ni\u00f1os y j\u00f3venes que se encontraban fuera del sistema educativo. La iniciativa contempla acciones comunitarias para localizar e inscribir a estudiantes en situaci\u00f3n de vulnerabilidad, incluso si no cuentan con documentos o \u00fatiles escolares.<\/p>\n\n\n\n<p>Durante la presentaci\u00f3n del Plan Nacional de Formaci\u00f3n Docente, Rodr\u00edguez inst\u00f3 a directores y docentes a facilitar el proceso de inscripci\u00f3n sin trabas administrativas. \u201cLa prioridad es que ning\u00fan ni\u00f1o quede fuera del aula\u201d, expres\u00f3.<\/p>\n\n\n\n<p>El calendario escolar establece actividades desde el 15 de septiembre hasta el 12 de diciembre, con una pausa por vacaciones, y su reanudaci\u00f3n el 12 de enero hasta el 31 de julio. Seg\u00fan el ministro, el cronograma contempla 200 d\u00edas de clases, adem\u00e1s de los feriados y el per\u00edodo vacacional.<\/p>\n\n\n\n<p>Rodr\u00edguez tambi\u00e9n llam\u00f3 a los educadores a respetar el calendario y asumir los desaf\u00edos acad\u00e9micos del nuevo a\u00f1o escolar, destacando que el compromiso es garantizar el derecho a la educaci\u00f3n en cualquier circunstancia.<br><strong><em>ET \/ VTV<\/em><\/strong><\/p>\n","protected":false},"excerpt":{"rendered":"<p>ENTRE TORMENTAS. El ministro de Educaci\u00f3n, H\u00e9ctor Rodr\u00edguez, ratific\u00f3 que este lunes 15 de septiembre&#8230;<\/p>\n","protected":false},"author":2,"featured_media":21851,"comment_status":"closed","ping_status":"open","sticky":false,"template":"","format":"standard","meta":{"footnotes":""},"categories":[56,49],"tags":[],"class_list":["post-21850","post","type-post","status-publish","format-standard","has-post-thumbnail","hentry","category-destacadas","category-nacionales"],"_links":{"self":[{"href":"https:\/\/entretormentas.com\/index.php?rest_route=\/wp\/v2\/posts\/21850","targetHints":{"allow":["GET"]}}],"collection":[{"href":"https:\/\/entretormentas.com\/index.php?rest_route=\/wp\/v2\/posts"}],"about":[{"href":"https:\/\/entretormentas.com\/index.php?rest_route=\/wp\/v2\/types\/post"}],"author":[{"embeddable":true,"href":"https:\/\/entretormentas.com\/index.php?rest_route=\/wp\/v2\/users\/2"}],"replies":[{"embeddable":true,"href":"https:\/\/entretormentas.com\/index.php?rest_route=%2Fwp%2Fv2%2Fcomments&post=21850"}],"version-history":[{"count":1,"href":"https:\/\/entretormentas.com\/index.php?rest_route=\/wp\/v2\/posts\/21850\/revisions"}],"predecessor-version":[{"id":21852,"href":"https:\/\/entretormentas.com\/index.php?rest_route=\/wp\/v2\/posts\/21850\/revisions\/21852"}],"wp:featuredmedia":[{"embeddable":true,"href":"https:\/\/entretormentas.com\/index.php?rest_route=\/wp\/v2\/media\/21851"}],"wp:attachment":[{"href":"https:\/\/entretormentas.com\/index.php?rest_route=%2Fwp%2Fv2%2Fmedia&parent=21850"}],"wp:term":[{"taxonomy":"category","embeddable":true,"href":"https:\/\/entretormentas.com\/index.php?rest_route=%2Fwp%2Fv2%2Fcategories&post=21850"},{"taxonomy":"post_tag","embeddable":true,"href":"https:\/\/entretormentas.com\/index.php?rest_route=%2Fwp%2Fv2%2Ftags&post=21850"}],"curies":[{"name":"wp","href":"https:\/\/api.w.org\/{rel}","templated":true}]}}