{"id":21853,"date":"2025-09-15T04:40:28","date_gmt":"2025-09-15T08:40:28","guid":{"rendered":"https:\/\/entretormentas.com\/?p=21853"},"modified":"2025-09-15T04:40:28","modified_gmt":"2025-09-15T08:40:28","slug":"exigiran-visa-presidente-noboa-termina-el-estatuto-migratorio-entre-ecuador-y-venezuela","status":"publish","type":"post","link":"https:\/\/entretormentas.com\/exigiran-visa-presidente-noboa-termina-el-estatuto-migratorio-entre-ecuador-y-venezuela\/","title":{"rendered":"\u00a1EXIGIR\u00c1N VISA! Presidente Noboa termina el Estatuto Migratorio entre Ecuador y Venezuela"},"content":{"rendered":"\n<p><strong>ENTRE TORMENTAS. <\/strong>El presidente ecuatoriano, Daniel Noboa, firm\u00f3 el decreto ejecutivo 123, en el que \u00abdenuncia en todo su contenido\u00bb el Estatuto Migratorio entre Ecuador y Venezuela, un instrumento que regulaba un procedimiento simplificado para la obtenci\u00f3n de visas y residencias de venezolanos en ese pa\u00eds.<\/p>\n\n\n\n<p>Ya el pasado mes de agosto la Asamblea Nacional (Parlamento), de mayor\u00eda oficialista, hab\u00eda votado a favor de terminar con el Estatuto Migratorio, firmado hace quince a\u00f1os.<\/p>\n\n\n\n<p>La medida fue aprobada entonces gracias a los 86 votos a favor del oficialismo, del conservador Partido Social Cristiano (PSC) y de Pachakutik, el brazo pol\u00edtico de la Confederaci\u00f3n de Nacionalidades Ind\u00edgenas del Ecuador (Conaie).<\/p>\n\n\n\n<p>La Revoluci\u00f3n Ciudadana (RC), movimiento liderado por el expresidente Rafael Correa (2007-2017), en cuyo Gobierno se firm\u00f3 y ratific\u00f3 el decreto, se abstuvo.<\/p>\n\n\n\n<p>El corre\u00edsta Ricardo Pati\u00f1o, encargado de firmar el acuerdo en 2010, cuando era canciller del Gobierno de Correa, sostuvo durante el debate que la RC no consideraba que el fin del acuerdo sea lo mejor.<\/p>\n\n\n\n<figure class=\"wp-block-image size-full\"><img fetchpriority=\"high\" decoding=\"async\" width=\"480\" height=\"270\" src=\"https:\/\/entretormentas.com\/wp-content\/uploads\/2025\/09\/novoa1.jpeg\" alt=\"\" class=\"wp-image-21854\" srcset=\"https:\/\/entretormentas.com\/wp-content\/uploads\/2025\/09\/novoa1.jpeg 480w, https:\/\/entretormentas.com\/wp-content\/uploads\/2025\/09\/novoa1-300x169.jpeg 300w\" sizes=\"(max-width: 480px) 100vw, 480px\" \/><\/figure>\n\n\n\n<p>Lo ideal, seg\u00fan \u00e9l, era que estas alianzas se perpet\u00faen para beneficiar a los ciudadanos de ambas partes. \u00abNo nos oponemos, pero votaremos en abstenci\u00f3n\u00bb, se\u00f1al\u00f3 entonces.<\/p>\n\n\n\n<p><strong>El quinto con m\u00e1s venezolanos<\/strong><br>Fue el propio presidente Noboa quien el pasado 11 de marzo solicit\u00f3 a la Canciller\u00eda iniciar el proceso de denuncia del estatuto debido a que, seg\u00fan se sustent\u00f3 en un decreto ejecutivo, se registraban \u00absuspensiones y recortes de varias fuentes de financiamiento para los programas que apoyan al Ecuador en materia migratoria\u00bb.<\/p>\n\n\n\n<p>Ecuador es el quinto pa\u00eds con la comunidad venezolana m\u00e1s grande en su territorio, al registrar unas 444 mil 800 personas, despu\u00e9s de Colombia, Per\u00fa, Brasil y Chile, de acuerdo con un informe publicado en 2024 por la Plataforma de Coordinaci\u00f3n Interagencial para Refugiados y Migrantes de Venezuela (R4V).<\/p>\n\n\n\n<p><strong>EXIGEN VISA<\/strong><br>Desde el pasado 1 de septiembre, Ecuador exige Visa de Visitante Temporal de Transe\u00fante a aquellos nacionales de unos cuarenta pa\u00edses -entre ellos Venezuela- a los que actualmente se les solicita visa para ingresar al pa\u00eds.<\/p>\n\n\n\n<p>La implementaci\u00f3n de la medida \u00abbusca fortalecer la seguridad del Estado y el control migratorio\u00bb, apunt\u00f3 a finales de agosto la Canciller\u00eda al anotar que el Gobierno de Ecuador \u00abreitera su compromiso con el respeto a los derechos de las personas en movilidad humana y a la observancia del marco legal vigente\u00bb.<br><strong><em>ET \/ EFE<\/em><\/strong><\/p>\n\n\n\n<p><\/p>\n","protected":false},"excerpt":{"rendered":"<p>ENTRE TORMENTAS. El presidente ecuatoriano, Daniel Noboa, firm\u00f3 el decreto ejecutivo 123, en el que&#8230;<\/p>\n","protected":false},"author":2,"featured_media":21855,"comment_status":"closed","ping_status":"open","sticky":false,"template":"","format":"standard","meta":{"footnotes":""},"categories":[56,48],"tags":[],"class_list":["post-21853","post","type-post","status-publish","format-standard","has-post-thumbnail","hentry","category-destacadas","category-internacionales"],"_links":{"self":[{"href":"https:\/\/entretormentas.com\/index.php?rest_route=\/wp\/v2\/posts\/21853","targetHints":{"allow":["GET"]}}],"collection":[{"href":"https:\/\/entretormentas.com\/index.php?rest_route=\/wp\/v2\/posts"}],"about":[{"href":"https:\/\/entretormentas.com\/index.php?rest_route=\/wp\/v2\/types\/post"}],"author":[{"embeddable":true,"href":"https:\/\/entretormentas.com\/index.php?rest_route=\/wp\/v2\/users\/2"}],"replies":[{"embeddable":true,"href":"https:\/\/entretormentas.com\/index.php?rest_route=%2Fwp%2Fv2%2Fcomments&post=21853"}],"version-history":[{"count":1,"href":"https:\/\/entretormentas.com\/index.php?rest_route=\/wp\/v2\/posts\/21853\/revisions"}],"predecessor-version":[{"id":21856,"href":"https:\/\/entretormentas.com\/index.php?rest_route=\/wp\/v2\/posts\/21853\/revisions\/21856"}],"wp:featuredmedia":[{"embeddable":true,"href":"https:\/\/entretormentas.com\/index.php?rest_route=\/wp\/v2\/media\/21855"}],"wp:attachment":[{"href":"https:\/\/entretormentas.com\/index.php?rest_route=%2Fwp%2Fv2%2Fmedia&parent=21853"}],"wp:term":[{"taxonomy":"category","embeddable":true,"href":"https:\/\/entretormentas.com\/index.php?rest_route=%2Fwp%2Fv2%2Fcategories&post=21853"},{"taxonomy":"post_tag","embeddable":true,"href":"https:\/\/entretormentas.com\/index.php?rest_route=%2Fwp%2Fv2%2Ftags&post=21853"}],"curies":[{"name":"wp","href":"https:\/\/api.w.org\/{rel}","templated":true}]}}