{"id":21861,"date":"2025-09-16T04:06:14","date_gmt":"2025-09-16T08:06:14","guid":{"rendered":"https:\/\/entretormentas.com\/?p=21861"},"modified":"2025-09-16T04:06:15","modified_gmt":"2025-09-16T08:06:15","slug":"con-nuevo-rostro-alcaldia-de-maracaibo-recupera-plaza-18-de-octubre-en-la-parroquia-coquivacoa","status":"publish","type":"post","link":"https:\/\/entretormentas.com\/con-nuevo-rostro-alcaldia-de-maracaibo-recupera-plaza-18-de-octubre-en-la-parroquia-coquivacoa\/","title":{"rendered":"\u00a1CON NUEVO ROSTRO! Alcald\u00eda de Maracaibo recupera Plaza 18 de Octubre en la parroquia Coquivacoa"},"content":{"rendered":"\n<p><strong>ENTRE TORMENTAS.<\/strong> La Alcald\u00eda de Maracaibo, a trav\u00e9s del Servicio Desconcentrado de Plazas y Parques (SEDEPAR), en su plan de recuperaci\u00f3n y mantenimiento de plazas y parques, realiz\u00f3 la rehabilitaci\u00f3n integral de la Plaza 18 de Octubre, en la parroquia Coquivacoa, para continuar transformando los espacios p\u00fablicos de la ciudad.<\/p>\n\n\n\n<p>SEDEPAR ejecut\u00f3 labores de mantenimiento integral en la plaza 18 de Octubre, ubicada entre las calles JK y J con avenida 5 de la parroquia Coquivacoa, en un espacio de aproximadamente dos mil metros cuadrados, que incluyeron poda controlada de altura, desmalezamiento, barrido manual, recolecci\u00f3n de desechos vegetales, pintura en general.<\/p>\n\n\n\n<p>Esta emblem\u00e1tica plaza ubicada en uno de los barrios m\u00e1s populares de Maracaibo, viene a dar un espacio de mayor esparcimiento a m\u00e1s de tres mil 800 habitantes de la parroquia.<\/p>\n\n\n\n<figure class=\"wp-block-image size-large\"><img fetchpriority=\"high\" decoding=\"async\" width=\"1024\" height=\"770\" src=\"https:\/\/entretormentas.com\/wp-content\/uploads\/2025\/09\/18plaza2-1024x770.jpeg\" alt=\"\" class=\"wp-image-21862\" srcset=\"https:\/\/entretormentas.com\/wp-content\/uploads\/2025\/09\/18plaza2-1024x770.jpeg 1024w, https:\/\/entretormentas.com\/wp-content\/uploads\/2025\/09\/18plaza2-300x225.jpeg 300w, https:\/\/entretormentas.com\/wp-content\/uploads\/2025\/09\/18plaza2-768x577.jpeg 768w, https:\/\/entretormentas.com\/wp-content\/uploads\/2025\/09\/18plaza2.jpeg 1280w\" sizes=\"(max-width: 1024px) 100vw, 1024px\" \/><\/figure>\n\n\n\n<p>El director de SEDEPAR, Namik Torres, inform\u00f3 que simult\u00e1neamente se sigue trabajando en la restauraci\u00f3n de otras plazas emblem\u00e1ticas como Ana Mar\u00eda Campos, J\u00f3vito Villalba, Louis Braille, Alonso de Ojeda, Guariya, Jos\u00e9 Ram\u00f3n Yepes y Ram\u00f3n Ocando P\u00e9rez. \u201cEn cada una se han recuperado \u00e1reas que hoy vuelven a ser parte del d\u00eda a d\u00eda de las familias, espacios donde las familias se re\u00fanen, comparten y fomentan la sana convivencia\u201d, resalt\u00f3 Torres.<\/p>\n\n\n\n<p>Se\u00f1al\u00f3 que cada intervenci\u00f3n de los espacios habla del compromiso inquebrantable de la gesti\u00f3n del alcalde Giancarlo Di Martino con el bienestar de los marabinos. \u201cSon gestos de amor por esta ciudad los que suman, embellecen y hacen m\u00e1s agradable el entorno para quienes la habitan. Esto es un trabajo constante y con voluntad firme, para que Maracaibo siga avanzando hacia una ciudad m\u00e1s ordenada y humana\u201d, apunt\u00f3.<br><strong><em>ET \/ Prensa Alcald\u00eda de Maracaibo<\/em><\/strong><\/p>\n","protected":false},"excerpt":{"rendered":"<p>ENTRE TORMENTAS. La Alcald\u00eda de Maracaibo, a trav\u00e9s del Servicio Desconcentrado de Plazas y Parques&#8230;<\/p>\n","protected":false},"author":2,"featured_media":21863,"comment_status":"closed","ping_status":"open","sticky":false,"template":"","format":"standard","meta":{"footnotes":""},"categories":[57,1],"tags":[],"class_list":["post-21861","post","type-post","status-publish","format-standard","has-post-thumbnail","hentry","category-actualidad","category-regionales"],"_links":{"self":[{"href":"https:\/\/entretormentas.com\/index.php?rest_route=\/wp\/v2\/posts\/21861","targetHints":{"allow":["GET"]}}],"collection":[{"href":"https:\/\/entretormentas.com\/index.php?rest_route=\/wp\/v2\/posts"}],"about":[{"href":"https:\/\/entretormentas.com\/index.php?rest_route=\/wp\/v2\/types\/post"}],"author":[{"embeddable":true,"href":"https:\/\/entretormentas.com\/index.php?rest_route=\/wp\/v2\/users\/2"}],"replies":[{"embeddable":true,"href":"https:\/\/entretormentas.com\/index.php?rest_route=%2Fwp%2Fv2%2Fcomments&post=21861"}],"version-history":[{"count":1,"href":"https:\/\/entretormentas.com\/index.php?rest_route=\/wp\/v2\/posts\/21861\/revisions"}],"predecessor-version":[{"id":21864,"href":"https:\/\/entretormentas.com\/index.php?rest_route=\/wp\/v2\/posts\/21861\/revisions\/21864"}],"wp:featuredmedia":[{"embeddable":true,"href":"https:\/\/entretormentas.com\/index.php?rest_route=\/wp\/v2\/media\/21863"}],"wp:attachment":[{"href":"https:\/\/entretormentas.com\/index.php?rest_route=%2Fwp%2Fv2%2Fmedia&parent=21861"}],"wp:term":[{"taxonomy":"category","embeddable":true,"href":"https:\/\/entretormentas.com\/index.php?rest_route=%2Fwp%2Fv2%2Fcategories&post=21861"},{"taxonomy":"post_tag","embeddable":true,"href":"https:\/\/entretormentas.com\/index.php?rest_route=%2Fwp%2Fv2%2Ftags&post=21861"}],"curies":[{"name":"wp","href":"https:\/\/api.w.org\/{rel}","templated":true}]}}