{"id":21870,"date":"2025-09-16T04:13:30","date_gmt":"2025-09-16T08:13:30","guid":{"rendered":"https:\/\/entretormentas.com\/?p=21870"},"modified":"2025-09-16T04:13:31","modified_gmt":"2025-09-16T08:13:31","slug":"en-la-parroquia-raul-leoni-alcaldia-de-maracaibo-atiende-mas-de-200-personas-en-jornada-medica-integral","status":"publish","type":"post","link":"https:\/\/entretormentas.com\/en-la-parroquia-raul-leoni-alcaldia-de-maracaibo-atiende-mas-de-200-personas-en-jornada-medica-integral\/","title":{"rendered":"\u00a1EN LA PARROQUIA RA\u00daL LEONI! Alcald\u00eda de Maracaibo atiende m\u00e1s de 200 personas en jornada m\u00e9dica integral"},"content":{"rendered":"\n<p><strong>ENTRE TORMENTAS.<\/strong> La Alcald\u00eda de Maracaibo, a trav\u00e9s de la Direcci\u00f3n de Salud, llev\u00f3 a cabo la primera jornada m\u00e9dica integral en la parroquia Ra\u00fal Leoni, donde m\u00e1s de 200 habitantes recibieron atenci\u00f3n gratuita en diversas especialidades. La actividad se realiz\u00f3 en la Base de Misiones Manuel Mar\u00edn, ubicada en el sector Alberto Carnevali.<\/p>\n\n\n\n<p>La iniciativa, impulsada por el alcalde Gian Carlo Di Martino, cont\u00f3 con el apoyo de un equipo multidisciplinario de m\u00e9dicos y especialistas de la municipalidad.<\/p>\n\n\n\n<p><strong>ABORDAJE INTEGRAL<\/strong><br>Seg\u00fan explic\u00f3 Liuba Colmenares, soci\u00f3loga y directora de planificaci\u00f3n de la Alcald\u00eda, el operativo tuvo como objetivo brindar un abordaje integral en una zona catalogada de alta vulnerabilidad. \u201cAtendimos a todo el punto y c\u00edrculo de la Base de Misiones Manuel Mar\u00edn, que comprende seis consejos comunales y siete comunidades\u201d, destac\u00f3 Colmenares.<\/p>\n\n\n\n<figure class=\"wp-block-image size-full\"><img fetchpriority=\"high\" decoding=\"async\" width=\"1020\" height=\"460\" src=\"https:\/\/entretormentas.com\/wp-content\/uploads\/2025\/09\/disalud1.jpeg\" alt=\"\" class=\"wp-image-21871\" srcset=\"https:\/\/entretormentas.com\/wp-content\/uploads\/2025\/09\/disalud1.jpeg 1020w, https:\/\/entretormentas.com\/wp-content\/uploads\/2025\/09\/disalud1-300x135.jpeg 300w, https:\/\/entretormentas.com\/wp-content\/uploads\/2025\/09\/disalud1-768x346.jpeg 768w\" sizes=\"(max-width: 1020px) 100vw, 1020px\" \/><\/figure>\n\n\n\n<p>Con esta acci\u00f3n, el gobierno municipal busca garantizar el acceso a la salud y fortalecer la atenci\u00f3n primaria en las zonas m\u00e1s necesitadas de la ciudad. Todo esto como parte de la estrategia dirigida a mejorar la calidad de vida de los habitantes de las comunidades m\u00e1s necesitadas de Maracaibo.<\/p>\n\n\n\n<p><strong>PR\u00d3XIMAS JORNADAS<\/strong><br>Colmenares anunci\u00f3 que est\u00e1 programada para dentro de dos semanas una jornada oftalmol\u00f3gica que se realizar\u00e1 en la Base de Misiones Manuel Mar\u00edn y estar\u00e1 dirigida a ni\u00f1os.<\/p>\n\n\n\n<p>La pr\u00f3xima jornada m\u00e9dica integral est\u00e1 siendo organizada para dentro de dos semanas en el circuito comunal II, espec\u00edficamente en la Universidad Polit\u00e9cnica Territorial Maracaibo, \u201cPr\u00f3ximamente extenderemos informaci\u00f3n m\u00e1s detallada, cuando tengamos bien definidos las fechas y los lugares\u201d.<br><strong><em>ET \/ Prensa Alcald\u00eda de Maracaibo<\/em><\/strong><\/p>\n","protected":false},"excerpt":{"rendered":"<p>ENTRE TORMENTAS. La Alcald\u00eda de Maracaibo, a trav\u00e9s de la Direcci\u00f3n de Salud, llev\u00f3 a&#8230;<\/p>\n","protected":false},"author":2,"featured_media":21872,"comment_status":"closed","ping_status":"open","sticky":false,"template":"","format":"standard","meta":{"footnotes":""},"categories":[57,1],"tags":[],"class_list":["post-21870","post","type-post","status-publish","format-standard","has-post-thumbnail","hentry","category-actualidad","category-regionales"],"_links":{"self":[{"href":"https:\/\/entretormentas.com\/index.php?rest_route=\/wp\/v2\/posts\/21870","targetHints":{"allow":["GET"]}}],"collection":[{"href":"https:\/\/entretormentas.com\/index.php?rest_route=\/wp\/v2\/posts"}],"about":[{"href":"https:\/\/entretormentas.com\/index.php?rest_route=\/wp\/v2\/types\/post"}],"author":[{"embeddable":true,"href":"https:\/\/entretormentas.com\/index.php?rest_route=\/wp\/v2\/users\/2"}],"replies":[{"embeddable":true,"href":"https:\/\/entretormentas.com\/index.php?rest_route=%2Fwp%2Fv2%2Fcomments&post=21870"}],"version-history":[{"count":1,"href":"https:\/\/entretormentas.com\/index.php?rest_route=\/wp\/v2\/posts\/21870\/revisions"}],"predecessor-version":[{"id":21873,"href":"https:\/\/entretormentas.com\/index.php?rest_route=\/wp\/v2\/posts\/21870\/revisions\/21873"}],"wp:featuredmedia":[{"embeddable":true,"href":"https:\/\/entretormentas.com\/index.php?rest_route=\/wp\/v2\/media\/21872"}],"wp:attachment":[{"href":"https:\/\/entretormentas.com\/index.php?rest_route=%2Fwp%2Fv2%2Fmedia&parent=21870"}],"wp:term":[{"taxonomy":"category","embeddable":true,"href":"https:\/\/entretormentas.com\/index.php?rest_route=%2Fwp%2Fv2%2Fcategories&post=21870"},{"taxonomy":"post_tag","embeddable":true,"href":"https:\/\/entretormentas.com\/index.php?rest_route=%2Fwp%2Fv2%2Ftags&post=21870"}],"curies":[{"name":"wp","href":"https:\/\/api.w.org\/{rel}","templated":true}]}}