{"id":21874,"date":"2025-09-16T04:17:21","date_gmt":"2025-09-16T08:17:21","guid":{"rendered":"https:\/\/entretormentas.com\/?p=21874"},"modified":"2025-09-16T04:17:21","modified_gmt":"2025-09-16T08:17:21","slug":"100-escolaridad-san-francisco-inicia-periodo-escolar-2025-2026-con-mejoras-en-infraestructuras-escolares","status":"publish","type":"post","link":"https:\/\/entretormentas.com\/100-escolaridad-san-francisco-inicia-periodo-escolar-2025-2026-con-mejoras-en-infraestructuras-escolares\/","title":{"rendered":"\u00a1100% ESCOLARIDAD! San Francisco inicia per\u00edodo escolar 2025-2026 con mejoras en infraestructuras escolares"},"content":{"rendered":"\n<p><strong>ENTRE TORMENTAS.<\/strong> Desde las instalaciones de la Escuela B\u00e1sica Nacional Cesar Rengifo (Los Cortijos), en la parroquia Domitila Flores, el Alcalde Bolivariano del municipio San Francisco, H\u00e9ctor Soto, inici\u00f3 el programa piloto \u201c100% Escolaridad\u201d impulsado por el Presidente Nicol\u00e1s Maduro Moro, que busca mejorar las infraestructuras de las instituciones acad\u00e9micas para este nuevo periodo escolar.<\/p>\n\n\n\n<p>El l\u00edder municipal, expres\u00f3: \u201cEste hermoso plan orienta a los gobernadores, en el caso nuestro, el gobernador Luis Gerardo Caldera y a nosotros como Alcald\u00eda, de estar al frente del mejoramiento de las escuela, incluyendo esta llamada Los Cortijos, nacida dentro de las entra\u00f1as del Poder Popular, que cada d\u00eda avanza para garantizar educaci\u00f3n gratuita, como lo establece nuestra Constituci\u00f3n de la Rep\u00fablica Bolivariana de Venezuela\u201d.<\/p>\n\n\n\n<figure class=\"wp-block-image size-large\"><img fetchpriority=\"high\" decoding=\"async\" width=\"1024\" height=\"682\" src=\"https:\/\/entretormentas.com\/wp-content\/uploads\/2025\/09\/escolaridad2-1024x682.jpeg\" alt=\"\" class=\"wp-image-21875\" srcset=\"https:\/\/entretormentas.com\/wp-content\/uploads\/2025\/09\/escolaridad2-1024x682.jpeg 1024w, https:\/\/entretormentas.com\/wp-content\/uploads\/2025\/09\/escolaridad2-300x200.jpeg 300w, https:\/\/entretormentas.com\/wp-content\/uploads\/2025\/09\/escolaridad2-768x512.jpeg 768w, https:\/\/entretormentas.com\/wp-content\/uploads\/2025\/09\/escolaridad2.jpeg 1280w\" sizes=\"(max-width: 1024px) 100vw, 1024px\" \/><\/figure>\n\n\n\n<p>Este proyecto tendr\u00e1 como fin la climatizaci\u00f3n de los salones, la dotaci\u00f3n de televisores de 50 pulgadas para fomentar la educaci\u00f3n virtual; adem\u00e1s, se estar\u00e1n adecuando las salas sanitarias, bebederos e infraestructuras como el comedor (que tambi\u00e9n contar\u00e1 con aire acondicionado). A estos trabajos se suman las labores del programa \u00abMi Escuela Bonita\u00bb, que incluye limpieza, poda de \u00e1rboles y desmalezamiento para la habilitaci\u00f3n del plantel.<\/p>\n\n\n\n<p>En esta visita estuvo presente la Direcci\u00f3n de Promoci\u00f3n y Seguridad Ciudadana, Guardia del Pueblo, Intendencia Nacional Antidrogas, Divisi\u00f3n de Protecci\u00f3n del Ni\u00f1o, Ni\u00f1a y Adolescente, Fuerza Armada Nacional Bolivariana, Unidad Especial del Ni\u00f1o, Ni\u00f1a y Adolescente de la Polic\u00eda de San Francisco y la Bricomiles, que forman parte importante para la adecuaci\u00f3n de este plantel, gracias a su trabajo mancomunado con el Poder Popular a trav\u00e9s de la comuna \u00abDespertar de un Pueblo\u00bb.<\/p>\n\n\n\n<figure class=\"wp-block-image size-large\"><img decoding=\"async\" width=\"1024\" height=\"768\" src=\"https:\/\/entretormentas.com\/wp-content\/uploads\/2025\/09\/escolaridad3-1024x768.jpeg\" alt=\"\" class=\"wp-image-21876\" srcset=\"https:\/\/entretormentas.com\/wp-content\/uploads\/2025\/09\/escolaridad3-1024x768.jpeg 1024w, https:\/\/entretormentas.com\/wp-content\/uploads\/2025\/09\/escolaridad3-300x225.jpeg 300w, https:\/\/entretormentas.com\/wp-content\/uploads\/2025\/09\/escolaridad3-768x576.jpeg 768w, https:\/\/entretormentas.com\/wp-content\/uploads\/2025\/09\/escolaridad3.jpeg 1280w\" sizes=\"(max-width: 1024px) 100vw, 1024px\" \/><\/figure>\n\n\n\n<p>Por su parte, Yenny Mart\u00ednez, directora del plantel, agradeci\u00f3 los trabajos de la alcald\u00eda sure\u00f1a y todo el equipo de ingenieros que trabajan en las mejoras de esta instituci\u00f3n, que posee una matr\u00edcula de m\u00e1s de 481 ni\u00f1os y ni\u00f1as, brind\u00e1ndoles un espacio para el aprendizaje y el desarrollo personal, que debido al robo de tuber\u00edas y equipos, se vio afectada.<\/p>\n\n\n\n<p>Finalmente, el l\u00edder municipal a\u00f1adi\u00f3 que este programa se extender\u00e1 a otras escuelas del municipio para brindar mejoras a los planteles, reafirmando el compromiso del Gobierno nacional, estadal y municipal de fortalecer la educaci\u00f3n en el pa\u00eds.<br><strong><em>ET \/ Prensa Alcald\u00eda de San Francisco<\/em><\/strong><\/p>\n\n\n\n<p><\/p>\n","protected":false},"excerpt":{"rendered":"<p>ENTRE TORMENTAS. Desde las instalaciones de la Escuela B\u00e1sica Nacional Cesar Rengifo (Los Cortijos), en&#8230;<\/p>\n","protected":false},"author":2,"featured_media":21877,"comment_status":"closed","ping_status":"open","sticky":false,"template":"","format":"standard","meta":{"footnotes":""},"categories":[57,1],"tags":[],"class_list":["post-21874","post","type-post","status-publish","format-standard","has-post-thumbnail","hentry","category-actualidad","category-regionales"],"_links":{"self":[{"href":"https:\/\/entretormentas.com\/index.php?rest_route=\/wp\/v2\/posts\/21874","targetHints":{"allow":["GET"]}}],"collection":[{"href":"https:\/\/entretormentas.com\/index.php?rest_route=\/wp\/v2\/posts"}],"about":[{"href":"https:\/\/entretormentas.com\/index.php?rest_route=\/wp\/v2\/types\/post"}],"author":[{"embeddable":true,"href":"https:\/\/entretormentas.com\/index.php?rest_route=\/wp\/v2\/users\/2"}],"replies":[{"embeddable":true,"href":"https:\/\/entretormentas.com\/index.php?rest_route=%2Fwp%2Fv2%2Fcomments&post=21874"}],"version-history":[{"count":1,"href":"https:\/\/entretormentas.com\/index.php?rest_route=\/wp\/v2\/posts\/21874\/revisions"}],"predecessor-version":[{"id":21878,"href":"https:\/\/entretormentas.com\/index.php?rest_route=\/wp\/v2\/posts\/21874\/revisions\/21878"}],"wp:featuredmedia":[{"embeddable":true,"href":"https:\/\/entretormentas.com\/index.php?rest_route=\/wp\/v2\/media\/21877"}],"wp:attachment":[{"href":"https:\/\/entretormentas.com\/index.php?rest_route=%2Fwp%2Fv2%2Fmedia&parent=21874"}],"wp:term":[{"taxonomy":"category","embeddable":true,"href":"https:\/\/entretormentas.com\/index.php?rest_route=%2Fwp%2Fv2%2Fcategories&post=21874"},{"taxonomy":"post_tag","embeddable":true,"href":"https:\/\/entretormentas.com\/index.php?rest_route=%2Fwp%2Fv2%2Ftags&post=21874"}],"curies":[{"name":"wp","href":"https:\/\/api.w.org\/{rel}","templated":true}]}}