{"id":21879,"date":"2025-09-16T04:21:11","date_gmt":"2025-09-16T08:21:11","guid":{"rendered":"https:\/\/entretormentas.com\/?p=21879"},"modified":"2025-09-16T04:21:12","modified_gmt":"2025-09-16T08:21:12","slug":"alcaldia-activa-cementerio-corazon-de-jesus-muestra-un-nuevo-rostro-limpio-e-iluminado","status":"publish","type":"post","link":"https:\/\/entretormentas.com\/alcaldia-activa-cementerio-corazon-de-jesus-muestra-un-nuevo-rostro-limpio-e-iluminado\/","title":{"rendered":"\u00a1ALCALD\u00cdA ACTIVA! Cementerio Coraz\u00f3n de Jes\u00fas muestra un nuevo rostro limpio e iluminado"},"content":{"rendered":"\n<p><strong>ENTRE TORMENTAS. <\/strong>La alcald\u00eda de Maracaibo, a trav\u00e9s del Servicio Desconcentrado de Cementerios Municipales de Maracaibo (SEDECEMA), instal\u00f3 las luminarias al Cementerio Sagrado Coraz\u00f3n de Jes\u00fas, ubicado en la avenida La Limpia, que le dan seguridad a quienes lo visitan.<\/p>\n\n\n\n<p>En un significativo paso hacia la recuperaci\u00f3n de estos importantes espacios, el SEDECEMA culmin\u00f3 la instalaci\u00f3n de ocho (08) luminarias en la fachada y laterales del cementerio Coraz\u00f3n de Jes\u00fas, poniendo fin a a\u00f1os de oscuridad, mejorando la visibilidad y devolviendo la tranquilidad a la avenida principal y a las comunidades aleda\u00f1as.<\/p>\n\n\n\n<figure class=\"wp-block-image size-full\"><img fetchpriority=\"high\" decoding=\"async\" width=\"1024\" height=\"576\" src=\"https:\/\/entretormentas.com\/wp-content\/uploads\/2025\/09\/corazonce2.jpeg\" alt=\"\" class=\"wp-image-21880\" srcset=\"https:\/\/entretormentas.com\/wp-content\/uploads\/2025\/09\/corazonce2.jpeg 1024w, https:\/\/entretormentas.com\/wp-content\/uploads\/2025\/09\/corazonce2-300x169.jpeg 300w, https:\/\/entretormentas.com\/wp-content\/uploads\/2025\/09\/corazonce2-768x432.jpeg 768w\" sizes=\"(max-width: 1024px) 100vw, 1024px\" \/><\/figure>\n\n\n\n<p>Vecinos del cementerio y familiares de los difuntos agradecieron por esta acci\u00f3n de la alcald\u00eda marabina, ya que ahora pueden visitar el camposanto con mayor seguridad y sobre todo los usuarios del transporte p\u00fablico que tienen que transitar esta v\u00eda. \u00abDamos gracias a Dios y al alcalde Giancarlo Di Martino por esta obra. Despu\u00e9s de tanto tiempo en la oscuridad, el cementerio ahora ilumina una parte de la avenida. Nos sentimos m\u00e1s seguros\u00bb, dijo la se\u00f1ora Beatriz Colmenares.<\/p>\n\n\n\n<p>Por su parte el sr. Marcos Torres se\u00f1al\u00f3 \u00abestamos notando el cambio de verdad, ha mejorado un 80%\u00bb.<\/p>\n\n\n\n<p>El director del SEDECEMA, se\u00f1al\u00f3 que esta labor se enmarca en un plan de gesti\u00f3n integral que busca dignificar los espacios de descanso eterno y fortalecer el compromiso con el bienestar de la ciudadan\u00eda de Maracaibo. Esta iluminaci\u00f3n no solo embellece el lugar, sino que tambi\u00e9n contribuye a la seguridad ciudadana en una de las v\u00edas de mayor afluencia de la ciudad y al respeto por la memoria de quienes all\u00ed reposan.<\/p>\n\n\n\n<figure class=\"wp-block-image size-full\"><img decoding=\"async\" width=\"1024\" height=\"576\" src=\"https:\/\/entretormentas.com\/wp-content\/uploads\/2025\/09\/corazonce3.jpeg\" alt=\"\" class=\"wp-image-21881\" srcset=\"https:\/\/entretormentas.com\/wp-content\/uploads\/2025\/09\/corazonce3.jpeg 1024w, https:\/\/entretormentas.com\/wp-content\/uploads\/2025\/09\/corazonce3-300x169.jpeg 300w, https:\/\/entretormentas.com\/wp-content\/uploads\/2025\/09\/corazonce3-768x432.jpeg 768w\" sizes=\"(max-width: 1024px) 100vw, 1024px\" \/><\/figure>\n\n\n\n<p><strong>EL CUADRADO SIGUE AVANZANDO<\/strong><br>Labores de limpieza y pintura del cerco perimetral, son parte de los trabajos de restauraci\u00f3n de este cementerio privado a quienes la alcald\u00eda bolivariana de Maracaibo les est\u00e1 prestando el apoyo. Igualmente, la limpieza exhaustiva de las parcelas, la poda de la maleza, pintura de la fachada y paredes laterales, mejora de la est\u00e9tica de la infraestructura y contribuci\u00f3n de la preservaci\u00f3n de su patrimonio.<\/p>\n\n\n\n<p>Se estima que los trabajos contin\u00faen en las pr\u00f3ximas semanas con el compromiso de seguir con los mantenimientos permanentes por parte de una gesti\u00f3n con un enfoque en la excelencia y el deseo de mantener en las mejores condiciones a estos espacios para devolverles la dignidad, honrando la memoria de quienes all\u00ed descansan.<br><strong><em>ET \/ Prensa Alcald\u00eda de Maracaibo<\/em><\/strong><\/p>\n\n\n\n<p><\/p>\n","protected":false},"excerpt":{"rendered":"<p>ENTRE TORMENTAS. La alcald\u00eda de Maracaibo, a trav\u00e9s del Servicio Desconcentrado de Cementerios Municipales de&#8230;<\/p>\n","protected":false},"author":2,"featured_media":21882,"comment_status":"closed","ping_status":"open","sticky":false,"template":"","format":"standard","meta":{"footnotes":""},"categories":[57,1],"tags":[],"class_list":["post-21879","post","type-post","status-publish","format-standard","has-post-thumbnail","hentry","category-actualidad","category-regionales"],"_links":{"self":[{"href":"https:\/\/entretormentas.com\/index.php?rest_route=\/wp\/v2\/posts\/21879","targetHints":{"allow":["GET"]}}],"collection":[{"href":"https:\/\/entretormentas.com\/index.php?rest_route=\/wp\/v2\/posts"}],"about":[{"href":"https:\/\/entretormentas.com\/index.php?rest_route=\/wp\/v2\/types\/post"}],"author":[{"embeddable":true,"href":"https:\/\/entretormentas.com\/index.php?rest_route=\/wp\/v2\/users\/2"}],"replies":[{"embeddable":true,"href":"https:\/\/entretormentas.com\/index.php?rest_route=%2Fwp%2Fv2%2Fcomments&post=21879"}],"version-history":[{"count":1,"href":"https:\/\/entretormentas.com\/index.php?rest_route=\/wp\/v2\/posts\/21879\/revisions"}],"predecessor-version":[{"id":21883,"href":"https:\/\/entretormentas.com\/index.php?rest_route=\/wp\/v2\/posts\/21879\/revisions\/21883"}],"wp:featuredmedia":[{"embeddable":true,"href":"https:\/\/entretormentas.com\/index.php?rest_route=\/wp\/v2\/media\/21882"}],"wp:attachment":[{"href":"https:\/\/entretormentas.com\/index.php?rest_route=%2Fwp%2Fv2%2Fmedia&parent=21879"}],"wp:term":[{"taxonomy":"category","embeddable":true,"href":"https:\/\/entretormentas.com\/index.php?rest_route=%2Fwp%2Fv2%2Fcategories&post=21879"},{"taxonomy":"post_tag","embeddable":true,"href":"https:\/\/entretormentas.com\/index.php?rest_route=%2Fwp%2Fv2%2Ftags&post=21879"}],"curies":[{"name":"wp","href":"https:\/\/api.w.org\/{rel}","templated":true}]}}