{"id":21884,"date":"2025-09-16T04:25:02","date_gmt":"2025-09-16T08:25:02","guid":{"rendered":"https:\/\/entretormentas.com\/?p=21884"},"modified":"2025-09-16T04:25:03","modified_gmt":"2025-09-16T08:25:03","slug":"alcaldia-surena-y-corpoelec-inician-restitucion-del-servicio-electrico-en-zonas-afectadas-por-explosion-en-fabrica-gallo-verde","status":"publish","type":"post","link":"https:\/\/entretormentas.com\/alcaldia-surena-y-corpoelec-inician-restitucion-del-servicio-electrico-en-zonas-afectadas-por-explosion-en-fabrica-gallo-verde\/","title":{"rendered":"\u00a1ALCALD\u00cdA SURE\u00d1A Y CORPOELEC! Inician restituci\u00f3n del servicio el\u00e9ctrico en zonas afectadas por explosi\u00f3n en f\u00e1brica \u00abGallo Verde\u00bb"},"content":{"rendered":"\n<p><strong>ENTRE TORMENTAS. <\/strong>Gracias a los trabajos realizados por la Alcald\u00eda de San Francisco que preside H\u00e9ctor Soto, a trav\u00e9s de la Direcci\u00f3n de Asuntos El\u00e9ctricos conjuntamente con la Corporaci\u00f3n El\u00e9ctrica Nacional S.A (Corpoelec), ha logrado restituir el servicio el\u00e9ctrico en varios sectores que se vieron afectados tras la explosi\u00f3n de la f\u00e1brica de fuegos artificiales \u00abGallo Verde\u00bb, el pasado jueves 11 de septiembre.<\/p>\n\n\n\n<p>Las incesantes labores que se han iniciado contemplan la instalaci\u00f3n de 54 nuevas lamparas led y m\u00e1s de 400 metros de cableado para reactivar las l\u00edneas que fueron destrozadas tras la fuerte detonaci\u00f3n y que afect\u00f3 a nueve sectores de la UBCH Ricaurte 2 (Lucha y Batalla, Ricaurte 1, Recaurte 2, Agua Viva, \u00c1rbol de las 4 Ra\u00edces, Coraz\u00f3n de mi Patria, Ezequiel Zamora, Villa Nueva y Jerusal\u00e9n), los cuales contar\u00e1n, de manera progresiva, con el servicio el\u00e9ctrico correspondiente.<\/p>\n\n\n\n<figure class=\"wp-block-image size-large\"><img fetchpriority=\"high\" decoding=\"async\" width=\"768\" height=\"1024\" src=\"https:\/\/entretormentas.com\/wp-content\/uploads\/2025\/09\/luzexplo1-768x1024.jpeg\" alt=\"\" class=\"wp-image-21885\" srcset=\"https:\/\/entretormentas.com\/wp-content\/uploads\/2025\/09\/luzexplo1-768x1024.jpeg 768w, https:\/\/entretormentas.com\/wp-content\/uploads\/2025\/09\/luzexplo1-225x300.jpeg 225w, https:\/\/entretormentas.com\/wp-content\/uploads\/2025\/09\/luzexplo1.jpeg 960w\" sizes=\"(max-width: 768px) 100vw, 768px\" \/><\/figure>\n\n\n\n<p>Estos trabajos se ejecutaron en dos etapas, la primera, en las adyacencias de la sede de los Bomberos de San Francisco, en la Zona Industrial donde se dispusieron 42 fotoceldas y la segunda, en la zona cercana del punto cero del suceso, donde se instalaron las l\u00edneas y se colocaron 12 luminarias, con lo cual se dejaron ambas \u00e1reas completamente iluminadas.<\/p>\n\n\n\n<p>Con esta acci\u00f3n el Alcalde de San Francisco, H\u00e9ctor Soto, reitera su compromiso con todos las familias afligidas de brindar una atenci\u00f3n digna, adem\u00e1s de cumplir con la palabra empe\u00f1ada que compartiera con el Gobernador del estado Zulia, Luis Caldera, de iniciar la fase de recuperaci\u00f3n de la zona, donde trabajar\u00e1n articuladamente los cuatro niveles de Gobierno (nacional, regional, municipal y comunal).<br><strong><em>ET \/ Prensa Alcald\u00eda de San Francisco<\/em><\/strong><\/p>\n","protected":false},"excerpt":{"rendered":"<p>ENTRE TORMENTAS. Gracias a los trabajos realizados por la Alcald\u00eda de San Francisco que preside&#8230;<\/p>\n","protected":false},"author":2,"featured_media":21886,"comment_status":"closed","ping_status":"open","sticky":false,"template":"","format":"standard","meta":{"footnotes":""},"categories":[57,1],"tags":[],"class_list":["post-21884","post","type-post","status-publish","format-standard","has-post-thumbnail","hentry","category-actualidad","category-regionales"],"_links":{"self":[{"href":"https:\/\/entretormentas.com\/index.php?rest_route=\/wp\/v2\/posts\/21884","targetHints":{"allow":["GET"]}}],"collection":[{"href":"https:\/\/entretormentas.com\/index.php?rest_route=\/wp\/v2\/posts"}],"about":[{"href":"https:\/\/entretormentas.com\/index.php?rest_route=\/wp\/v2\/types\/post"}],"author":[{"embeddable":true,"href":"https:\/\/entretormentas.com\/index.php?rest_route=\/wp\/v2\/users\/2"}],"replies":[{"embeddable":true,"href":"https:\/\/entretormentas.com\/index.php?rest_route=%2Fwp%2Fv2%2Fcomments&post=21884"}],"version-history":[{"count":1,"href":"https:\/\/entretormentas.com\/index.php?rest_route=\/wp\/v2\/posts\/21884\/revisions"}],"predecessor-version":[{"id":21887,"href":"https:\/\/entretormentas.com\/index.php?rest_route=\/wp\/v2\/posts\/21884\/revisions\/21887"}],"wp:featuredmedia":[{"embeddable":true,"href":"https:\/\/entretormentas.com\/index.php?rest_route=\/wp\/v2\/media\/21886"}],"wp:attachment":[{"href":"https:\/\/entretormentas.com\/index.php?rest_route=%2Fwp%2Fv2%2Fmedia&parent=21884"}],"wp:term":[{"taxonomy":"category","embeddable":true,"href":"https:\/\/entretormentas.com\/index.php?rest_route=%2Fwp%2Fv2%2Fcategories&post=21884"},{"taxonomy":"post_tag","embeddable":true,"href":"https:\/\/entretormentas.com\/index.php?rest_route=%2Fwp%2Fv2%2Ftags&post=21884"}],"curies":[{"name":"wp","href":"https:\/\/api.w.org\/{rel}","templated":true}]}}