{"id":21888,"date":"2025-09-16T04:28:38","date_gmt":"2025-09-16T08:28:38","guid":{"rendered":"https:\/\/entretormentas.com\/?p=21888"},"modified":"2025-09-16T04:28:38","modified_gmt":"2025-09-16T08:28:38","slug":"mas-de-660-mil-estudiantes-gobernador-luis-caldera-acompana-inicio-de-ano-escolar-en-el-zulia","status":"publish","type":"post","link":"https:\/\/entretormentas.com\/mas-de-660-mil-estudiantes-gobernador-luis-caldera-acompana-inicio-de-ano-escolar-en-el-zulia\/","title":{"rendered":"\u00a1M\u00c1S DE 660 MIL ESTUDIANTES! Gobernador Luis Caldera acompa\u00f1a inicio de a\u00f1o escolar en el Zulia"},"content":{"rendered":"\n<p><strong>ENTRE TORMENTAS.<\/strong> Desde la Unidad Educativa Tte. Pedro Camejo, en el municipio Mara, el Gobernador del Zulia, Luis Caldera, acompa\u00f1\u00f3 el inicio del a\u00f1o escolar 2025-2026, donde en la entidad se incorporan un total 669 mil 036 estudiantes de educaci\u00f3n inicial, primaria y secundaria.<\/p>\n\n\n\n<p>Este n\u00famero se corresponde a tres mil 131 planteles educativos p\u00fablicos, privados y subvencionados tanto dependientes de la Gobernaci\u00f3n como del Ejecutivo nacional, manifest\u00f3 el mandatario zuliano, acompa\u00f1ado del comandante de la Zona Operativa de Defensa Integral Zulia (Zodi-Zulia); de la primera Dama del estado, Roselyn L\u00f3pez de Caldera; de la secretaria de Educaci\u00f3n regional, Yamili Su\u00e1rez y de autoridades del municipio marense.<\/p>\n\n\n\n<figure class=\"wp-block-image size-large\"><img fetchpriority=\"high\" decoding=\"async\" width=\"1024\" height=\"768\" src=\"https:\/\/entretormentas.com\/wp-content\/uploads\/2025\/09\/vueltaclases2-1024x768.jpeg\" alt=\"\" class=\"wp-image-21889\" srcset=\"https:\/\/entretormentas.com\/wp-content\/uploads\/2025\/09\/vueltaclases2-1024x768.jpeg 1024w, https:\/\/entretormentas.com\/wp-content\/uploads\/2025\/09\/vueltaclases2-300x225.jpeg 300w, https:\/\/entretormentas.com\/wp-content\/uploads\/2025\/09\/vueltaclases2-768x576.jpeg 768w, https:\/\/entretormentas.com\/wp-content\/uploads\/2025\/09\/vueltaclases2.jpeg 1280w\" sizes=\"(max-width: 1024px) 100vw, 1024px\" \/><\/figure>\n\n\n\n<p>\u201cEl Zulia se une al inicio del a\u00f1o escolar convocado por el presidente Nicol\u00e1s Maduro y el ministro del Poder Popular para la Educaci\u00f3n H\u00e9ctor Rodr\u00edguez. Los estudiantes regresan a las aulas a construir Patria, a debatir en el proceso ense\u00f1anza-aprendizaje en este primer momento pedag\u00f3gico\u201d, enfatiz\u00f3 el gobernador.<\/p>\n\n\n\n<p>Expuso que se inicia el diagn\u00f3stico pedag\u00f3gico y el registro de todos los estudiantes en el 100% escolaridad, reconociendo el esfuerzo de los \u201ch\u00e9roes y hero\u00ednas de la educaci\u00f3n, que son los maestros y maestras, profesores y profesoras\u201d.<\/p>\n\n\n\n<figure class=\"wp-block-image size-large\"><img decoding=\"async\" width=\"1024\" height=\"739\" src=\"https:\/\/entretormentas.com\/wp-content\/uploads\/2025\/09\/vueltaclases3-1024x739.jpeg\" alt=\"\" class=\"wp-image-21890\" srcset=\"https:\/\/entretormentas.com\/wp-content\/uploads\/2025\/09\/vueltaclases3-1024x739.jpeg 1024w, https:\/\/entretormentas.com\/wp-content\/uploads\/2025\/09\/vueltaclases3-300x217.jpeg 300w, https:\/\/entretormentas.com\/wp-content\/uploads\/2025\/09\/vueltaclases3-768x554.jpeg 768w, https:\/\/entretormentas.com\/wp-content\/uploads\/2025\/09\/vueltaclases3.jpeg 1280w\" sizes=\"(max-width: 1024px) 100vw, 1024px\" \/><\/figure>\n\n\n\n<p>En este particular dio a conocer que suman 74 mil 181 miembros del personal docente, administrativo y obrero que est\u00e1n abriendo las aulas en el Zulia, en perfecta uni\u00f3n militar-popular-policial.<\/p>\n\n\n\n<p>Con respecto a las infraestructuras, el jefe del Gobierno zuliano indic\u00f3 que la Unidad Educativa Tte. Pedro Camejo se estrega totalmente rehabilitada al igual que 266 m\u00e1s en las que se trabaja junto a la Brigadas Comunitarias Militares (Bricomiles), las alcald\u00eda bolivarianas y la Gobernaci\u00f3n del Zulia.<br><strong><em>ET \/ Nota de Prensa<\/em><\/strong><\/p>\n\n\n\n<p><\/p>\n","protected":false},"excerpt":{"rendered":"<p>ENTRE TORMENTAS. Desde la Unidad Educativa Tte. Pedro Camejo, en el municipio Mara, el Gobernador&#8230;<\/p>\n","protected":false},"author":2,"featured_media":21891,"comment_status":"closed","ping_status":"open","sticky":false,"template":"","format":"standard","meta":{"footnotes":""},"categories":[57,1],"tags":[],"class_list":["post-21888","post","type-post","status-publish","format-standard","has-post-thumbnail","hentry","category-actualidad","category-regionales"],"_links":{"self":[{"href":"https:\/\/entretormentas.com\/index.php?rest_route=\/wp\/v2\/posts\/21888","targetHints":{"allow":["GET"]}}],"collection":[{"href":"https:\/\/entretormentas.com\/index.php?rest_route=\/wp\/v2\/posts"}],"about":[{"href":"https:\/\/entretormentas.com\/index.php?rest_route=\/wp\/v2\/types\/post"}],"author":[{"embeddable":true,"href":"https:\/\/entretormentas.com\/index.php?rest_route=\/wp\/v2\/users\/2"}],"replies":[{"embeddable":true,"href":"https:\/\/entretormentas.com\/index.php?rest_route=%2Fwp%2Fv2%2Fcomments&post=21888"}],"version-history":[{"count":1,"href":"https:\/\/entretormentas.com\/index.php?rest_route=\/wp\/v2\/posts\/21888\/revisions"}],"predecessor-version":[{"id":21892,"href":"https:\/\/entretormentas.com\/index.php?rest_route=\/wp\/v2\/posts\/21888\/revisions\/21892"}],"wp:featuredmedia":[{"embeddable":true,"href":"https:\/\/entretormentas.com\/index.php?rest_route=\/wp\/v2\/media\/21891"}],"wp:attachment":[{"href":"https:\/\/entretormentas.com\/index.php?rest_route=%2Fwp%2Fv2%2Fmedia&parent=21888"}],"wp:term":[{"taxonomy":"category","embeddable":true,"href":"https:\/\/entretormentas.com\/index.php?rest_route=%2Fwp%2Fv2%2Fcategories&post=21888"},{"taxonomy":"post_tag","embeddable":true,"href":"https:\/\/entretormentas.com\/index.php?rest_route=%2Fwp%2Fv2%2Ftags&post=21888"}],"curies":[{"name":"wp","href":"https:\/\/api.w.org\/{rel}","templated":true}]}}