{"id":21897,"date":"2025-09-16T04:34:55","date_gmt":"2025-09-16T08:34:55","guid":{"rendered":"https:\/\/entretormentas.com\/?p=21897"},"modified":"2025-09-16T04:34:56","modified_gmt":"2025-09-16T08:34:56","slug":"vicepresidenta-del-mas-oficialismo-atiende-sus-prioridades-politicas-y-no-las-dificultades-de-la-poblacion","status":"publish","type":"post","link":"https:\/\/entretormentas.com\/vicepresidenta-del-mas-oficialismo-atiende-sus-prioridades-politicas-y-no-las-dificultades-de-la-poblacion\/","title":{"rendered":"VICEPRESIDENTA DEL MAS: \u00abOficialismo atiende sus prioridades pol\u00edticas y no las dificultades de la poblaci\u00f3n\u00bb"},"content":{"rendered":"\n<p><strong>ENTRE TORMENTAS.<\/strong> Para la vicepresidenta del MAS, Mar\u00eda Verdeal, la amenaza militar de Estados Unidos y el conflicto pol\u00edtico puertas adentro no son justificativos para dejar de lado los problemas de los venezolanos producto de la profunda crisis econ\u00f3mica y social de Venezuela.<\/p>\n\n\n\n<p>\u00abSiempre hay excusas para correr la arruga y no discutir el d\u00e9ficit en la prestaci\u00f3n de los servicios p\u00fablicos, el tema salarial o el viacrucis de padres y representantes para adquirir los \u00fatiles, textos y uniformes escolares. La familia se sacrifica para enviar a sus ni\u00f1os y adolescentes al sistema educativo\u00bb.<\/p>\n\n\n\n<p>Verdeal record\u00f3 que est\u00e1 paralizada la contrataci\u00f3n colectiva de los docentes y de todos los trabajadores que dependen de la administraci\u00f3n p\u00fablica.<\/p>\n\n\n\n<p>Abog\u00f3 por el desarrollo de una agenda p\u00fablica para dar respuesta urgente a las dificultades de la poblaci\u00f3n que a diario se agudizan. Enfatiz\u00f3 que al igual que el salario, las pensiones y jubilaciones son inexistentes, sumado a la inestabildad cambiaria que golpea el poder adquisitivo y la calidad de vida de los venezolanos.<\/p>\n\n\n\n<p>\u00abQuienes est\u00e1n en el poder no se ocupan de estos problemas econ\u00f3micos y sociales, sino de &#8216;sus prioridades pol\u00edticas&#8217;\u2026\u00bb.<\/p>\n\n\n\n<p>Sobre la escalada de persecuci\u00f3n y violencia pol\u00edtica, la dirigente de la tolda naranja advirti\u00f3 que durante el fin de semana se produjeron m\u00e1s detenciones arbitrarias y desapariciones forzadas. Puntualiz\u00f3 el caso de Macario Gonz\u00e1lez, exalcalde de Barquisimeto y exdirigente del MAS, de quien se desconoce su paradero luego de dictar su clase el pasado viernes en una universidad del estado Lara.<\/p>\n\n\n\n<p>\u00abLa puerta giratoria se ampl\u00eda para que ingresen nuevos presos pol\u00edticos y no para lograr la paz a trav\u00e9s de una amnist\u00eda general. Al pa\u00eds no se le puede pacificar con un l\u00e1tigo ni con el abuso del poder. Basta de persecuciones y del discurso agresivo por parte de altos personeros gubernamentales\u00bb.<\/p>\n\n\n\n<p>Respecto a la amenaza militar, Verdeal mencion\u00f3 que los gobiernos de Venezuela, Colombia y Estados Unidos se han pronunciado p\u00fablicamente sobre su lucha contra el narcotr\u00e1fico. \u00ab\u00bfPor qu\u00e9 no ponerse de acuerdo entonces por la v\u00eda diplom\u00e1tica y unir esfuerzos para combatir este flagelo y no que se vea como un conflicto b\u00e9lico contra nuestro pa\u00eds?\u00bb<\/p>\n\n\n\n<p>Subray\u00f3 que ning\u00fan pa\u00eds de Am\u00e9rica Latina tiene c\u00f3mo responder militarmente a un enfrentamiento con los Estados Unidos, por lo que el MAS rechaza cualquier intervenci\u00f3n extranjera y pide bajarle el volumen a estas provocaci\u00f3n b\u00e9licas.<\/p>\n\n\n\n<p>Asegur\u00f3 que el partido naranja est\u00e1 en contacto permanente con los sectores democr\u00e1ticos pero no con el gobierno porque se mantiene cerrado y ha paralizado todas las v\u00edas de comunicaci\u00f3n, exigiendo solamente unidad para defender la soberan\u00eda nacional.<\/p>\n\n\n\n<p>\u201cEl territorio venezolano no puede ponerse en juego, retando a una potencia militar como Estados Unidos\u00bb.<\/p>\n\n\n\n<p>Recalc\u00f3 que al gobierno le corresponde dar gestos de entendimiento y no hacer lo contrario como perseguir, detener y limitar la pluralidad del pensamiento pol\u00edtico.<\/p>\n\n\n\n<p>Verdeal sostuvo que el llamado al alistamiento de la poblaci\u00f3n es algo simb\u00f3lico. \u00abQue se pretenda enfrentar a una potencia mundial con personas sin ninguna formaci\u00f3n o preparaci\u00f3n, ser\u00eda utilizarlas simplemente como carne de ca\u00f1\u00f3n\u201d, concluy\u00f3.<br><strong><em>ET \/ Prensa MAS<\/em><\/strong><\/p>\n\n\n\n<p><\/p>\n","protected":false},"excerpt":{"rendered":"<p>ENTRE TORMENTAS. Para la vicepresidenta del MAS, Mar\u00eda Verdeal, la amenaza militar de Estados Unidos&#8230;<\/p>\n","protected":false},"author":2,"featured_media":21898,"comment_status":"closed","ping_status":"open","sticky":false,"template":"","format":"standard","meta":{"footnotes":""},"categories":[56,49],"tags":[],"class_list":["post-21897","post","type-post","status-publish","format-standard","has-post-thumbnail","hentry","category-destacadas","category-nacionales"],"_links":{"self":[{"href":"https:\/\/entretormentas.com\/index.php?rest_route=\/wp\/v2\/posts\/21897","targetHints":{"allow":["GET"]}}],"collection":[{"href":"https:\/\/entretormentas.com\/index.php?rest_route=\/wp\/v2\/posts"}],"about":[{"href":"https:\/\/entretormentas.com\/index.php?rest_route=\/wp\/v2\/types\/post"}],"author":[{"embeddable":true,"href":"https:\/\/entretormentas.com\/index.php?rest_route=\/wp\/v2\/users\/2"}],"replies":[{"embeddable":true,"href":"https:\/\/entretormentas.com\/index.php?rest_route=%2Fwp%2Fv2%2Fcomments&post=21897"}],"version-history":[{"count":1,"href":"https:\/\/entretormentas.com\/index.php?rest_route=\/wp\/v2\/posts\/21897\/revisions"}],"predecessor-version":[{"id":21899,"href":"https:\/\/entretormentas.com\/index.php?rest_route=\/wp\/v2\/posts\/21897\/revisions\/21899"}],"wp:featuredmedia":[{"embeddable":true,"href":"https:\/\/entretormentas.com\/index.php?rest_route=\/wp\/v2\/media\/21898"}],"wp:attachment":[{"href":"https:\/\/entretormentas.com\/index.php?rest_route=%2Fwp%2Fv2%2Fmedia&parent=21897"}],"wp:term":[{"taxonomy":"category","embeddable":true,"href":"https:\/\/entretormentas.com\/index.php?rest_route=%2Fwp%2Fv2%2Fcategories&post=21897"},{"taxonomy":"post_tag","embeddable":true,"href":"https:\/\/entretormentas.com\/index.php?rest_route=%2Fwp%2Fv2%2Ftags&post=21897"}],"curies":[{"name":"wp","href":"https:\/\/api.w.org\/{rel}","templated":true}]}}