{"id":21900,"date":"2025-09-16T04:37:52","date_gmt":"2025-09-16T08:37:52","guid":{"rendered":"https:\/\/entretormentas.com\/?p=21900"},"modified":"2025-09-16T04:37:53","modified_gmt":"2025-09-16T08:37:53","slug":"polemico-debate-hector-rodriguez-propone-eliminar-las-tareas-porque-pueden-generar-estres-y-tension","status":"publish","type":"post","link":"https:\/\/entretormentas.com\/polemico-debate-hector-rodriguez-propone-eliminar-las-tareas-porque-pueden-generar-estres-y-tension\/","title":{"rendered":"\u00a1POL\u00c9MICO DEBATE! H\u00e9ctor Rodr\u00edguez propone eliminar las tareas porque \u00abpueden generar estr\u00e9s y tensi\u00f3n\u00bb"},"content":{"rendered":"\n<p><strong>ENTRE TORMENTAS. <\/strong>El ministro de Educaci\u00f3n, H\u00e9ctor Rodr\u00edguez, propuso un debate nacional en el que destaca la posibilidad de prohibir que los docentes manden tarea para la casa a sus estudiantes.<\/p>\n\n\n\n<p>En este sentido, el ministro propuso debatir si las tareas son necesarias, ya que a su juicio \u00aben muchos casos pueden generar estr\u00e9s y tensi\u00f3n en el hogar\u00bb.<\/p>\n\n\n\n<p>Asimismo, Rodr\u00edguez se\u00f1al\u00f3 que el debate abordar\u00e1 otros temas que considera clave para el futuro de la educaci\u00f3n. En el cierre del plan de formaci\u00f3n docente, puso sobre la mesa otros dos puntos para la reflexi\u00f3n colectiva.<\/p>\n\n\n\n<p>El segundo de los puntos considerados como prioritarios para el ministro pasa por la forma de evaluar. \u00abSe busca un m\u00e9todo de evaluaci\u00f3n m\u00e1s justo y objetivo que vaya m\u00e1s all\u00e1 de una calificaci\u00f3n num\u00e9rica, reconociendo las distintas habilidades y formas de aprender de cada estudiante\u00bb.<\/p>\n\n\n\n<figure class=\"wp-block-image size-full\"><img fetchpriority=\"high\" decoding=\"async\" width=\"860\" height=\"463\" src=\"https:\/\/entretormentas.com\/wp-content\/uploads\/2025\/09\/tarea2.jpeg\" alt=\"\" class=\"wp-image-21901\" srcset=\"https:\/\/entretormentas.com\/wp-content\/uploads\/2025\/09\/tarea2.jpeg 860w, https:\/\/entretormentas.com\/wp-content\/uploads\/2025\/09\/tarea2-300x162.jpeg 300w, https:\/\/entretormentas.com\/wp-content\/uploads\/2025\/09\/tarea2-768x413.jpeg 768w\" sizes=\"(max-width: 860px) 100vw, 860px\" \/><\/figure>\n\n\n\n<p>Para finalizar, se\u00f1al\u00f3 que el tercer punto a debatir deber\u00eda ser una agenda para la neurodivergencia. \u00abSe plante\u00f3 la necesidad de investigar y debatir sobre la neurodivergencia para desarrollar un plan de atenci\u00f3n adecuado que incluya a todos\u00bb.<\/p>\n\n\n\n<p>\u00abEstas propuestas para el debate y la construcci\u00f3n de consensos buscan una educaci\u00f3n m\u00e1s humana e inclusiva para nuestros ni\u00f1os, ni\u00f1as y j\u00f3venes\u00bb, concluy\u00f3.<\/p>\n\n\n\n<p><strong>REACCIONES EN LAS REDES<\/strong><br>No obstante, la propuesta no tard\u00f3 en generar reacciones a trav\u00e9s de redes sociales.<\/p>\n\n\n\n<p>\u00abLas tareas son necesarias, es bueno que los muchachos tengan disciplina, constancia y respeto por sus estudios. Las tareas les elimina los tiempos de ocio. Como antes, en nuestros tiempos que son los mejores a nivel de educaci\u00f3n\u00bb, dijo una usuaria.<\/p>\n\n\n\n<p>\u00abPropongo que lleven a cabo un debate acerca del contrato colectivo del docente\u00bb, escribi\u00f3 otra usuaria.<\/p>\n\n\n\n<p>En esta l\u00ednea, otra a\u00f1adi\u00f3: \u00abDebatir los salarios para los profesionales de la educaci\u00f3n, Art. 91 de la CRBV\u00bb.<\/p>\n\n\n\n<p>Mientras que algunos usuarios en redes, abordaron el punto sobre la tensi\u00f3n en el hogar. \u00abTensi\u00f3n en el hogar causa no tener comida, vestimenta ni dinero para los servicios, y necesidades b\u00e1sicas\u00bb.<br><strong><em>ET \/ Caraota Digital<\/em><\/strong><\/p>\n","protected":false},"excerpt":{"rendered":"<p>ENTRE TORMENTAS. El ministro de Educaci\u00f3n, H\u00e9ctor Rodr\u00edguez, propuso un debate nacional en el que&#8230;<\/p>\n","protected":false},"author":2,"featured_media":21902,"comment_status":"closed","ping_status":"open","sticky":false,"template":"","format":"standard","meta":{"footnotes":""},"categories":[56,49],"tags":[],"class_list":["post-21900","post","type-post","status-publish","format-standard","has-post-thumbnail","hentry","category-destacadas","category-nacionales"],"_links":{"self":[{"href":"https:\/\/entretormentas.com\/index.php?rest_route=\/wp\/v2\/posts\/21900","targetHints":{"allow":["GET"]}}],"collection":[{"href":"https:\/\/entretormentas.com\/index.php?rest_route=\/wp\/v2\/posts"}],"about":[{"href":"https:\/\/entretormentas.com\/index.php?rest_route=\/wp\/v2\/types\/post"}],"author":[{"embeddable":true,"href":"https:\/\/entretormentas.com\/index.php?rest_route=\/wp\/v2\/users\/2"}],"replies":[{"embeddable":true,"href":"https:\/\/entretormentas.com\/index.php?rest_route=%2Fwp%2Fv2%2Fcomments&post=21900"}],"version-history":[{"count":1,"href":"https:\/\/entretormentas.com\/index.php?rest_route=\/wp\/v2\/posts\/21900\/revisions"}],"predecessor-version":[{"id":21903,"href":"https:\/\/entretormentas.com\/index.php?rest_route=\/wp\/v2\/posts\/21900\/revisions\/21903"}],"wp:featuredmedia":[{"embeddable":true,"href":"https:\/\/entretormentas.com\/index.php?rest_route=\/wp\/v2\/media\/21902"}],"wp:attachment":[{"href":"https:\/\/entretormentas.com\/index.php?rest_route=%2Fwp%2Fv2%2Fmedia&parent=21900"}],"wp:term":[{"taxonomy":"category","embeddable":true,"href":"https:\/\/entretormentas.com\/index.php?rest_route=%2Fwp%2Fv2%2Fcategories&post=21900"},{"taxonomy":"post_tag","embeddable":true,"href":"https:\/\/entretormentas.com\/index.php?rest_route=%2Fwp%2Fv2%2Ftags&post=21900"}],"curies":[{"name":"wp","href":"https:\/\/api.w.org\/{rel}","templated":true}]}}