{"id":21907,"date":"2025-09-16T04:42:06","date_gmt":"2025-09-16T08:42:06","guid":{"rendered":"https:\/\/entretormentas.com\/?p=21907"},"modified":"2025-09-16T04:42:07","modified_gmt":"2025-09-16T08:42:07","slug":"crisis-bilateral-maduro-aclara-que-las-comunicaciones-con-ee-uu-estan-deshechas","status":"publish","type":"post","link":"https:\/\/entretormentas.com\/crisis-bilateral-maduro-aclara-que-las-comunicaciones-con-ee-uu-estan-deshechas\/","title":{"rendered":"\u00a1CRISIS BILATERAL! Maduro aclara que las comunicaciones con EE.UU. \u00abest\u00e1n deshechas\u00bb"},"content":{"rendered":"\n<p><strong>ENTRE TORMENTAS. <\/strong>El presidente Nicol\u00e1s Maduro asegur\u00f3 este lunes que las v\u00edas de comunicaci\u00f3n con el Gobierno de EE.UU. \u00abest\u00e1n deshechas\u00bb, al tiempo que alert\u00f3 que el pa\u00eds caribe\u00f1o sufre \u00abuna agresi\u00f3n en camino de car\u00e1cter militar\u00bb.<\/p>\n\n\n\n<p>\u00abLas comunicaciones con el Gobierno de EE.UU. est\u00e1n deshechas, est\u00e1n deshechas por ellos, con sus amenazas de bombas, muerte y chantaje\u00bb, subray\u00f3 en una conferencia de prensa.<\/p>\n\n\n\n<p>A principios de mes, Maduro hab\u00eda anunciado que su Ejecutivo ten\u00eda dos canales de comunicaci\u00f3n con Washington, \u00abmaltrechos\u00bb y \u00abmalogrados\u00bb, pero ahora los dio por finiquitados.<\/p>\n\n\n\n<p>\u00abAs\u00ed no funcionamos nosotros, con amenazas y por las malas, \u00a1nunca jam\u00e1s, habr\u00e1 nada! Y lo saben. As\u00ed que pasaron de una etapa de relaciones maltrechas de comunicaci\u00f3n a deshechas\u00bb, manifest\u00f3 el mandatario venezolano.<\/p>\n\n\n\n<p>Maduro ratific\u00f3 que \u00abno es responsabilidad\u00bb de Caracas la ca\u00edda en las comunicaciones. Sin embargo, aclar\u00f3 que mantienen \u00abun hilo b\u00e1sico\u00bb con el encargado de Negocios, \u2018ad interim\u2019, de la Oficina Externa de EE.UU. para Venezuela, John McNamara.<br><strong><em>ET \/ Agencias<\/em><\/strong><\/p>\n","protected":false},"excerpt":{"rendered":"<p>ENTRE TORMENTAS. El presidente Nicol\u00e1s Maduro asegur\u00f3 este lunes que las v\u00edas de comunicaci\u00f3n con&#8230;<\/p>\n","protected":false},"author":2,"featured_media":21908,"comment_status":"closed","ping_status":"open","sticky":false,"template":"","format":"standard","meta":{"footnotes":""},"categories":[56,49],"tags":[],"class_list":["post-21907","post","type-post","status-publish","format-standard","has-post-thumbnail","hentry","category-destacadas","category-nacionales"],"_links":{"self":[{"href":"https:\/\/entretormentas.com\/index.php?rest_route=\/wp\/v2\/posts\/21907","targetHints":{"allow":["GET"]}}],"collection":[{"href":"https:\/\/entretormentas.com\/index.php?rest_route=\/wp\/v2\/posts"}],"about":[{"href":"https:\/\/entretormentas.com\/index.php?rest_route=\/wp\/v2\/types\/post"}],"author":[{"embeddable":true,"href":"https:\/\/entretormentas.com\/index.php?rest_route=\/wp\/v2\/users\/2"}],"replies":[{"embeddable":true,"href":"https:\/\/entretormentas.com\/index.php?rest_route=%2Fwp%2Fv2%2Fcomments&post=21907"}],"version-history":[{"count":1,"href":"https:\/\/entretormentas.com\/index.php?rest_route=\/wp\/v2\/posts\/21907\/revisions"}],"predecessor-version":[{"id":21909,"href":"https:\/\/entretormentas.com\/index.php?rest_route=\/wp\/v2\/posts\/21907\/revisions\/21909"}],"wp:featuredmedia":[{"embeddable":true,"href":"https:\/\/entretormentas.com\/index.php?rest_route=\/wp\/v2\/media\/21908"}],"wp:attachment":[{"href":"https:\/\/entretormentas.com\/index.php?rest_route=%2Fwp%2Fv2%2Fmedia&parent=21907"}],"wp:term":[{"taxonomy":"category","embeddable":true,"href":"https:\/\/entretormentas.com\/index.php?rest_route=%2Fwp%2Fv2%2Fcategories&post=21907"},{"taxonomy":"post_tag","embeddable":true,"href":"https:\/\/entretormentas.com\/index.php?rest_route=%2Fwp%2Fv2%2Ftags&post=21907"}],"curies":[{"name":"wp","href":"https:\/\/api.w.org\/{rel}","templated":true}]}}