{"id":21914,"date":"2025-09-16T04:46:53","date_gmt":"2025-09-16T08:46:53","guid":{"rendered":"https:\/\/entretormentas.com\/?p=21914"},"modified":"2025-09-16T04:46:53","modified_gmt":"2025-09-16T08:46:53","slug":"de-vuelta-a-las-pistas-yulimar-rojas-debuta-en-mundial-de-atletismo-tokio-2025-este-martes-16-sep","status":"publish","type":"post","link":"https:\/\/entretormentas.com\/de-vuelta-a-las-pistas-yulimar-rojas-debuta-en-mundial-de-atletismo-tokio-2025-este-martes-16-sep\/","title":{"rendered":"\u00a1DE VUELTA A LAS PISTAS! Yulimar Rojas debuta en Mundial de Atletismo Tokio 2025 este martes 16-Sep"},"content":{"rendered":"\n<p><strong>ENTRE TORMENTAS.<\/strong> La venezolana Yulimar Rojas debutar\u00e1 este martes en los Mundiales de Atletismo 2025 que se est\u00e1n llevando a cabo en Tokio, Jap\u00f3n, donde regresar\u00e1 a la acci\u00f3n despu\u00e9s de dos a\u00f1os de inactividad.<\/p>\n\n\n\n<p>La sesi\u00f3n clasificatoria del triple salto femenino dar\u00e1 inicio a las 6:40 AM (hora de Venezuela) en el Estadio Nacional de Jap\u00f3n, el cual volver\u00e1 a ver volar a la criolla.<\/p>\n\n\n\n<p>Hay que recordar que en ese mismo recinto, Rojas se colg\u00f3 la medalla de oro en los Juegos Ol\u00edmpicos 2021 que se retrasaron un a\u00f1o debido a la pandemia de coronavirus. En aquella oportunidad, la representante tricolor consigui\u00f3 la gloria con un salto de 15.67 mts.<\/p>\n\n\n\n<p>Aunque hoy en d\u00eda parece complicado que Yulimar repita la mencionada haza\u00f1a o, si quiera, logre superar la barrera de los 15 metros tomando en cuenta que no compite de forma oficial desde hace dos a\u00f1os cuando sufri\u00f3 una lesi\u00f3n en el tend\u00f3n de Aquiles de su pie izquierdo.<\/p>\n\n\n\n<p>Sin embargo, esto no parece preocuparle a la venezolana, quien expres\u00f3 que \u00abvoy con todo a revalidar mi t\u00edtulo mundial donde obtuve el oro ol\u00edmpico y un campeonato mundial, lo que supone para m\u00ed una motivaci\u00f3n extra\u00bb.<\/p>\n\n\n\n<p>Rojas formar\u00e1 parte del Grupo B en las clasificatorias a la final del salto triple femenino que, de lograr el cupo, se estar\u00eda realizando el pr\u00f3ximo jueves a las 7:55 AM (hora de Venezuela).<br><strong><em>ET \/ Uni\u00f3n Radio<\/em><\/strong><\/p>\n","protected":false},"excerpt":{"rendered":"<p>ENTRE TORMENTAS. La venezolana Yulimar Rojas debutar\u00e1 este martes en los Mundiales de Atletismo 2025&#8230;<\/p>\n","protected":false},"author":2,"featured_media":21915,"comment_status":"closed","ping_status":"open","sticky":false,"template":"","format":"standard","meta":{"footnotes":""},"categories":[53,56],"tags":[],"class_list":["post-21914","post","type-post","status-publish","format-standard","has-post-thumbnail","hentry","category-deportes","category-destacadas"],"_links":{"self":[{"href":"https:\/\/entretormentas.com\/index.php?rest_route=\/wp\/v2\/posts\/21914","targetHints":{"allow":["GET"]}}],"collection":[{"href":"https:\/\/entretormentas.com\/index.php?rest_route=\/wp\/v2\/posts"}],"about":[{"href":"https:\/\/entretormentas.com\/index.php?rest_route=\/wp\/v2\/types\/post"}],"author":[{"embeddable":true,"href":"https:\/\/entretormentas.com\/index.php?rest_route=\/wp\/v2\/users\/2"}],"replies":[{"embeddable":true,"href":"https:\/\/entretormentas.com\/index.php?rest_route=%2Fwp%2Fv2%2Fcomments&post=21914"}],"version-history":[{"count":1,"href":"https:\/\/entretormentas.com\/index.php?rest_route=\/wp\/v2\/posts\/21914\/revisions"}],"predecessor-version":[{"id":21916,"href":"https:\/\/entretormentas.com\/index.php?rest_route=\/wp\/v2\/posts\/21914\/revisions\/21916"}],"wp:featuredmedia":[{"embeddable":true,"href":"https:\/\/entretormentas.com\/index.php?rest_route=\/wp\/v2\/media\/21915"}],"wp:attachment":[{"href":"https:\/\/entretormentas.com\/index.php?rest_route=%2Fwp%2Fv2%2Fmedia&parent=21914"}],"wp:term":[{"taxonomy":"category","embeddable":true,"href":"https:\/\/entretormentas.com\/index.php?rest_route=%2Fwp%2Fv2%2Fcategories&post=21914"},{"taxonomy":"post_tag","embeddable":true,"href":"https:\/\/entretormentas.com\/index.php?rest_route=%2Fwp%2Fv2%2Ftags&post=21914"}],"curies":[{"name":"wp","href":"https:\/\/api.w.org\/{rel}","templated":true}]}}