{"id":21917,"date":"2025-09-17T04:13:04","date_gmt":"2025-09-17T08:13:04","guid":{"rendered":"https:\/\/entretormentas.com\/?p=21917"},"modified":"2025-09-17T04:13:05","modified_gmt":"2025-09-17T08:13:05","slug":"este-jueves-18-sep-en-maracaibo-todo-listo-para-las-primeras-jornadas-de-actualizacion-de-etica-digital-en-la-medicina","status":"publish","type":"post","link":"https:\/\/entretormentas.com\/este-jueves-18-sep-en-maracaibo-todo-listo-para-las-primeras-jornadas-de-actualizacion-de-etica-digital-en-la-medicina\/","title":{"rendered":"\u00a1ESTE JUEVES 18-SEP EN MARACAIBO! Todo listo para las Primeras Jornadas de Actualizaci\u00f3n de \u00c9tica Digital en la Medicina"},"content":{"rendered":"\n<p><strong>ENTRE TORMENTAS.<\/strong> El Colegio de M\u00e9dicos del estado Zulia realizar\u00e1 este jueves 18 de septiembre las primeras Jornadas de Actualizaci\u00f3n \u00c9tica Digital en Medicina \u00abDr. Juan Carlos Velazco\u00bb. Este importante evento coincide con la celebraci\u00f3n del D\u00eda Mundial de la \u00c9tica M\u00e9dica, fecha que fue establecida en 2003 por la Asociaci\u00f3n M\u00e9dica Mundial (AMM) durante su 54\u00aa Asamblea General para honrar los principios \u00e9ticos que rigen la pr\u00e1ctica m\u00e9dica, como el trato respetuoso al paciente, la calidad de la atenci\u00f3n y la confidencialidad. El prop\u00f3sito es divulgar la importancia de estos principios en la profesi\u00f3n a nivel mundial.<\/p>\n\n\n\n<p>En rueda de prensa, la Dra. Dianela Parra, Presidenta de la Junta Directiva del Colegio de Medicos, destac\u00f3 la importancia de este evento y expres\u00f3 que el ejercicio profesional se debe realizar con vocaci\u00f3n y amor y las campa\u00f1as publicitarias deben realizarse con mucha responsabilidad y respondiendo a los principios contemplados en el codigo de \u00c9tica.<\/p>\n\n\n\n<figure class=\"wp-block-image size-large\"><img fetchpriority=\"high\" decoding=\"async\" width=\"819\" height=\"1024\" src=\"https:\/\/entretormentas.com\/wp-content\/uploads\/2025\/09\/etica2-819x1024.jpeg\" alt=\"\" class=\"wp-image-21918\" srcset=\"https:\/\/entretormentas.com\/wp-content\/uploads\/2025\/09\/etica2-819x1024.jpeg 819w, https:\/\/entretormentas.com\/wp-content\/uploads\/2025\/09\/etica2-240x300.jpeg 240w, https:\/\/entretormentas.com\/wp-content\/uploads\/2025\/09\/etica2-768x960.jpeg 768w, https:\/\/entretormentas.com\/wp-content\/uploads\/2025\/09\/etica2.jpeg 1024w\" sizes=\"(max-width: 819px) 100vw, 819px\" \/><\/figure>\n\n\n\n<p>La Dra. Parra de \u00c1vila estuvo acompa\u00f1ada de la Dra. Nuri Gonz\u00e1lez de Revilla, Presidenta del Instituto de Estudios M\u00e9dicos; Dra. Josnelis L\u00f3pez, Secretaria de Actividades Cient\u00edficas y Culturales; los miembros de la Comisi\u00f3n de \u00c9tica del Gremio M\u00e9dico zuliano.<\/p>\n\n\n\n<p>Las jornadas se llevar\u00e1n a efecto en el auditorio \u00abRafael Belloso Chac\u00edn\u00bb del Colegio de M\u00e9dicos.<br><strong><em>ET \/ Nota de Prensa<\/em><\/strong><\/p>\n","protected":false},"excerpt":{"rendered":"<p>ENTRE TORMENTAS. El Colegio de M\u00e9dicos del estado Zulia realizar\u00e1 este jueves 18 de septiembre&#8230;<\/p>\n","protected":false},"author":2,"featured_media":21919,"comment_status":"closed","ping_status":"open","sticky":false,"template":"","format":"standard","meta":{"footnotes":""},"categories":[57,1],"tags":[],"class_list":["post-21917","post","type-post","status-publish","format-standard","has-post-thumbnail","hentry","category-actualidad","category-regionales"],"_links":{"self":[{"href":"https:\/\/entretormentas.com\/index.php?rest_route=\/wp\/v2\/posts\/21917","targetHints":{"allow":["GET"]}}],"collection":[{"href":"https:\/\/entretormentas.com\/index.php?rest_route=\/wp\/v2\/posts"}],"about":[{"href":"https:\/\/entretormentas.com\/index.php?rest_route=\/wp\/v2\/types\/post"}],"author":[{"embeddable":true,"href":"https:\/\/entretormentas.com\/index.php?rest_route=\/wp\/v2\/users\/2"}],"replies":[{"embeddable":true,"href":"https:\/\/entretormentas.com\/index.php?rest_route=%2Fwp%2Fv2%2Fcomments&post=21917"}],"version-history":[{"count":1,"href":"https:\/\/entretormentas.com\/index.php?rest_route=\/wp\/v2\/posts\/21917\/revisions"}],"predecessor-version":[{"id":21920,"href":"https:\/\/entretormentas.com\/index.php?rest_route=\/wp\/v2\/posts\/21917\/revisions\/21920"}],"wp:featuredmedia":[{"embeddable":true,"href":"https:\/\/entretormentas.com\/index.php?rest_route=\/wp\/v2\/media\/21919"}],"wp:attachment":[{"href":"https:\/\/entretormentas.com\/index.php?rest_route=%2Fwp%2Fv2%2Fmedia&parent=21917"}],"wp:term":[{"taxonomy":"category","embeddable":true,"href":"https:\/\/entretormentas.com\/index.php?rest_route=%2Fwp%2Fv2%2Fcategories&post=21917"},{"taxonomy":"post_tag","embeddable":true,"href":"https:\/\/entretormentas.com\/index.php?rest_route=%2Fwp%2Fv2%2Ftags&post=21917"}],"curies":[{"name":"wp","href":"https:\/\/api.w.org\/{rel}","templated":true}]}}