{"id":21921,"date":"2025-09-17T04:16:07","date_gmt":"2025-09-17T08:16:07","guid":{"rendered":"https:\/\/entretormentas.com\/?p=21921"},"modified":"2025-09-17T04:16:08","modified_gmt":"2025-09-17T08:16:08","slug":"para-beneficio-de-los-zulianos-clez-instala-el-segundo-periodo-de-sesiones-ordinarias-del-ano-2025","status":"publish","type":"post","link":"https:\/\/entretormentas.com\/para-beneficio-de-los-zulianos-clez-instala-el-segundo-periodo-de-sesiones-ordinarias-del-ano-2025\/","title":{"rendered":"\u00a1PARA BENEFICIO DE LOS ZULIANOS! Clez instala el segundo periodo de sesiones ordinarias del a\u00f1o 2025"},"content":{"rendered":"\n<p><strong>ENTRE TORMENTAS. <\/strong>El Consejo Legislativo del estado Zulia (Clez) dio inicio este martes al segundo per\u00edodo de sesiones ordinarias correspondiente al a\u00f1o 2025, de acuerdo a lo establecido en el art\u00edculo 18 de la Ley Org\u00e1nica de los Consejos Legislativos de los estados y el art\u00edculo 13 del Reglamento interior y de Debates.<\/p>\n\n\n\n<p>La presidenta del Parlamento zuliano, Magdely Valbuena, destac\u00f3 la importancia de este nuevo periodo legislativo para el fortalecimiento de proyectos en beneficio de la colectividad zuliana. Subray\u00f3 que, a pesar del receso parlamentario, los legisladores se mantuvieron activos impulsando iniciativas claves como la aprobaci\u00f3n en primera discusi\u00f3n de leyes orientadas a la seguridad ciudadana, la regulaci\u00f3n del uso de motocicletas y la atenci\u00f3n integral de pacientes oncol\u00f3gicos.<\/p>\n\n\n\n<p>Reiter\u00f3 que el Consejo Legislativo del estado Zulia est\u00e1 de puertas abiertas para escuchar y recoger las propuestas de todos los sectores de la sociedad. \u201cEstamos convencidos de que hay mucho que hacer y hoy con el apoyo que tenemos del presidente Nicol\u00e1s Maduro Moros, podamos tener un Zulia econ\u00f3mico, productivo y podamos transformar cada municipio en un espacio m\u00e1s humano\u201d.<\/p>\n\n\n\n<p>Asimismo, Valbuena inform\u00f3 que el parlamento regional tom\u00f3 postura ante los recientes acontecimientos en el municipio San Francisco, tras la explosi\u00f3n de una f\u00e1brica de fuegos artificiales, destacando que de manera un\u00e1nime se declar\u00f3 en sesi\u00f3n permanente para respaldar al Gobernador en todas las acciones necesarias, incluyendo la aprobaci\u00f3n de cr\u00e9ditos adicionales para atender la emergencia.<\/p>\n\n\n\n<figure class=\"wp-block-image size-large\"><img fetchpriority=\"high\" decoding=\"async\" width=\"1024\" height=\"766\" src=\"https:\/\/entretormentas.com\/wp-content\/uploads\/2025\/09\/cleznuevo2-1024x766.jpeg\" alt=\"\" class=\"wp-image-21922\" srcset=\"https:\/\/entretormentas.com\/wp-content\/uploads\/2025\/09\/cleznuevo2-1024x766.jpeg 1024w, https:\/\/entretormentas.com\/wp-content\/uploads\/2025\/09\/cleznuevo2-300x225.jpeg 300w, https:\/\/entretormentas.com\/wp-content\/uploads\/2025\/09\/cleznuevo2-768x575.jpeg 768w, https:\/\/entretormentas.com\/wp-content\/uploads\/2025\/09\/cleznuevo2.jpeg 1280w\" sizes=\"(max-width: 1024px) 100vw, 1024px\" \/><\/figure>\n\n\n\n<p>Adem\u00e1s, anunci\u00f3 que en los pr\u00f3ximos d\u00edas se introducir\u00e1 el Anteproyecto de Reforma Parcial de la Ley de Transferencia de Gesti\u00f3n y Administraci\u00f3n del Poder Ejecutivo al Poder Popular, trabajando de la mano con las comunas y los voceros y voceras del poder popular.<\/p>\n\n\n\n<p>En el marco de la instalaci\u00f3n, se conform\u00f3 una comisi\u00f3n para notificar al gobernador del estado Zulia, Luis Caldera, el inicio del segundo per\u00edodo legislativo de 2025, integrada por los legisladores Maribel Brice\u00f1o, Jacqueline Michel, Alexander Villasmil, Bladimiro Colina y Francisco Colmenares, quienes resaltaron que en este ciclo de trabajo dar\u00e1n continuidad a la discusi\u00f3n de leyes y acuerdos en favor del desarrollo social y econ\u00f3mico de la entidad.<\/p>\n\n\n\n<p>Dicha comisi\u00f3n fue recibida en el Palacio de Los C\u00f3ndores por la secretaria de gobierno, Angela Fern\u00e1ndez, y el subsecretario, Abner Morales, en representaci\u00f3n del Ejecutivo regional.<br><strong><em>ET \/ Prensa Clezulia<\/em><\/strong><\/p>\n\n\n\n<p><\/p>\n","protected":false},"excerpt":{"rendered":"<p>ENTRE TORMENTAS. El Consejo Legislativo del estado Zulia (Clez) dio inicio este martes al segundo&#8230;<\/p>\n","protected":false},"author":2,"featured_media":21923,"comment_status":"closed","ping_status":"open","sticky":false,"template":"","format":"standard","meta":{"footnotes":""},"categories":[57,1],"tags":[],"class_list":["post-21921","post","type-post","status-publish","format-standard","has-post-thumbnail","hentry","category-actualidad","category-regionales"],"_links":{"self":[{"href":"https:\/\/entretormentas.com\/index.php?rest_route=\/wp\/v2\/posts\/21921","targetHints":{"allow":["GET"]}}],"collection":[{"href":"https:\/\/entretormentas.com\/index.php?rest_route=\/wp\/v2\/posts"}],"about":[{"href":"https:\/\/entretormentas.com\/index.php?rest_route=\/wp\/v2\/types\/post"}],"author":[{"embeddable":true,"href":"https:\/\/entretormentas.com\/index.php?rest_route=\/wp\/v2\/users\/2"}],"replies":[{"embeddable":true,"href":"https:\/\/entretormentas.com\/index.php?rest_route=%2Fwp%2Fv2%2Fcomments&post=21921"}],"version-history":[{"count":1,"href":"https:\/\/entretormentas.com\/index.php?rest_route=\/wp\/v2\/posts\/21921\/revisions"}],"predecessor-version":[{"id":21924,"href":"https:\/\/entretormentas.com\/index.php?rest_route=\/wp\/v2\/posts\/21921\/revisions\/21924"}],"wp:featuredmedia":[{"embeddable":true,"href":"https:\/\/entretormentas.com\/index.php?rest_route=\/wp\/v2\/media\/21923"}],"wp:attachment":[{"href":"https:\/\/entretormentas.com\/index.php?rest_route=%2Fwp%2Fv2%2Fmedia&parent=21921"}],"wp:term":[{"taxonomy":"category","embeddable":true,"href":"https:\/\/entretormentas.com\/index.php?rest_route=%2Fwp%2Fv2%2Fcategories&post=21921"},{"taxonomy":"post_tag","embeddable":true,"href":"https:\/\/entretormentas.com\/index.php?rest_route=%2Fwp%2Fv2%2Ftags&post=21921"}],"curies":[{"name":"wp","href":"https:\/\/api.w.org\/{rel}","templated":true}]}}