{"id":21929,"date":"2025-09-17T04:22:57","date_gmt":"2025-09-17T08:22:57","guid":{"rendered":"https:\/\/entretormentas.com\/?p=21929"},"modified":"2025-09-17T04:22:58","modified_gmt":"2025-09-17T08:22:58","slug":"exposicion-colectiva-alcaldia-de-maracaibo-inaugura-una-5-arte-en-homenaje-a-la-ciudad","status":"publish","type":"post","link":"https:\/\/entretormentas.com\/exposicion-colectiva-alcaldia-de-maracaibo-inaugura-una-5-arte-en-homenaje-a-la-ciudad\/","title":{"rendered":"\u00a1EXPOSICI\u00d3N COLECTIVA! Alcald\u00eda de Maracaibo inaugura Una + 5 = ARTE en homenaje a la ciudad"},"content":{"rendered":"\n<p><strong>ENTRE TORMENTAS. <\/strong>Un homenaje vibrante a la identidad, historia y sensibilidad est\u00e9tica de la capital zuliana: as\u00ed se resume la exposici\u00f3n colectiva que, en el marco de la conmemoraci\u00f3n del 496\u00b0 aniversario de la ciudad, inaugur\u00f3 la Alcald\u00eda de Maracaibo a trav\u00e9s de su Direcci\u00f3n de Cultura.<\/p>\n\n\n\n<p>La muestra, instalada en el Museo de Artes Gr\u00e1ficas Luis Chac\u00f3n, re\u00fane el talento de seis destacados artistas pl\u00e1sticos: Mar\u00eda Antonieta Valero, Francisco Xaveirus, Douglas Soto, Enrique Colina, Gerardo C\u00e1rdenas y Carlos Ramos.<\/p>\n\n\n\n<figure class=\"wp-block-image size-large\"><img fetchpriority=\"high\" decoding=\"async\" width=\"1024\" height=\"683\" src=\"https:\/\/entretormentas.com\/wp-content\/uploads\/2025\/09\/artemuni2-1024x683.jpeg\" alt=\"\" class=\"wp-image-21930\" srcset=\"https:\/\/entretormentas.com\/wp-content\/uploads\/2025\/09\/artemuni2-1024x683.jpeg 1024w, https:\/\/entretormentas.com\/wp-content\/uploads\/2025\/09\/artemuni2-300x200.jpeg 300w, https:\/\/entretormentas.com\/wp-content\/uploads\/2025\/09\/artemuni2-768x512.jpeg 768w, https:\/\/entretormentas.com\/wp-content\/uploads\/2025\/09\/artemuni2.jpeg 1280w\" sizes=\"(max-width: 1024px) 100vw, 1024px\" \/><\/figure>\n\n\n\n<p>A trav\u00e9s de sus obras, estos creadores ofrecen una mirada plural y profunda sobre el alma maracaibera.<\/p>\n\n\n\n<p><strong>SENTIR POPULAR<\/strong><br>El evento inaugural cont\u00f3 con la presencia de personalidades de la cultura, invitados especiales y p\u00fablico en general, destacando la emotiva presentaci\u00f3n del Ensamble Municipal Rafael Rinc\u00f3n Gonz\u00e1lez, que deleit\u00f3 a los asistentes con piezas musicales que evocan la tradici\u00f3n y el sentir popular de la regi\u00f3n.<\/p>\n\n\n\n<p>Ram\u00f3n Colina, director municipal de Cultura, expres\u00f3: \u201cEsta exposici\u00f3n no solo celebra el arte, sino tambi\u00e9n la memoria viva de Maracaibo. Cada obra es un testimonio de amor por nuestra ciudad, una invitaci\u00f3n a redescubrirla desde la sensibilidad de nuestros creadores\u00bb.<\/p>\n\n\n\n<figure class=\"wp-block-image size-large\"><img decoding=\"async\" width=\"1024\" height=\"683\" src=\"https:\/\/entretormentas.com\/wp-content\/uploads\/2025\/09\/artemuni3-1024x683.jpeg\" alt=\"\" class=\"wp-image-21931\" srcset=\"https:\/\/entretormentas.com\/wp-content\/uploads\/2025\/09\/artemuni3-1024x683.jpeg 1024w, https:\/\/entretormentas.com\/wp-content\/uploads\/2025\/09\/artemuni3-300x200.jpeg 300w, https:\/\/entretormentas.com\/wp-content\/uploads\/2025\/09\/artemuni3-768x512.jpeg 768w, https:\/\/entretormentas.com\/wp-content\/uploads\/2025\/09\/artemuni3.jpeg 1280w\" sizes=\"(max-width: 1024px) 100vw, 1024px\" \/><\/figure>\n\n\n\n<p><strong>AMOR POR MARACAIBO<\/strong><br>La artista pl\u00e1stica Mar\u00eda Antonieta Valero, reconocida en el mundo del arte como Marianto, comparti\u00f3: \u201cMe llena de orgullo y emoci\u00f3n ser la \u00fanica mujer presente en esta exposici\u00f3n. Cada una de mis obras es un homenaje al amor que siento por nuestra ciudad, por la naturaleza que nos rodea y por los gatos, que ocupan un lugar muy especial en mi coraz\u00f3n\u201d.<\/p>\n\n\n\n<p>Por su parte, el artista Gerardo C\u00e1rdenas, otro de los expositores, se\u00f1al\u00f3: \u201cParticipar en Una + 5 = ARTE es un privilegio. Es una oportunidad para dialogar con la historia de Maracaibo desde el lienzo, desde la forma y el color, y para rendir tributo a lo que somos como pueblo\u201d.<\/p>\n\n\n\n<p>La exposici\u00f3n estar\u00e1 abierta al p\u00fablico durante todo el mes de septiembre, de lunes a viernes de 8:00 am a 4:00 pm, ofreciendo a los maracaiberos y visitantes una experiencia art\u00edstica que celebra la diversidad, la memoria y el esp\u00edritu creativo de la ciudad.<br><strong><em>ET \/ Prensa Alcald\u00eda de Maracaibo<\/em><\/strong><\/p>\n\n\n\n<p><\/p>\n","protected":false},"excerpt":{"rendered":"<p>ENTRE TORMENTAS. Un homenaje vibrante a la identidad, historia y sensibilidad est\u00e9tica de la capital&#8230;<\/p>\n","protected":false},"author":2,"featured_media":21932,"comment_status":"closed","ping_status":"open","sticky":false,"template":"","format":"standard","meta":{"footnotes":""},"categories":[57,1],"tags":[],"class_list":["post-21929","post","type-post","status-publish","format-standard","has-post-thumbnail","hentry","category-actualidad","category-regionales"],"_links":{"self":[{"href":"https:\/\/entretormentas.com\/index.php?rest_route=\/wp\/v2\/posts\/21929","targetHints":{"allow":["GET"]}}],"collection":[{"href":"https:\/\/entretormentas.com\/index.php?rest_route=\/wp\/v2\/posts"}],"about":[{"href":"https:\/\/entretormentas.com\/index.php?rest_route=\/wp\/v2\/types\/post"}],"author":[{"embeddable":true,"href":"https:\/\/entretormentas.com\/index.php?rest_route=\/wp\/v2\/users\/2"}],"replies":[{"embeddable":true,"href":"https:\/\/entretormentas.com\/index.php?rest_route=%2Fwp%2Fv2%2Fcomments&post=21929"}],"version-history":[{"count":1,"href":"https:\/\/entretormentas.com\/index.php?rest_route=\/wp\/v2\/posts\/21929\/revisions"}],"predecessor-version":[{"id":21933,"href":"https:\/\/entretormentas.com\/index.php?rest_route=\/wp\/v2\/posts\/21929\/revisions\/21933"}],"wp:featuredmedia":[{"embeddable":true,"href":"https:\/\/entretormentas.com\/index.php?rest_route=\/wp\/v2\/media\/21932"}],"wp:attachment":[{"href":"https:\/\/entretormentas.com\/index.php?rest_route=%2Fwp%2Fv2%2Fmedia&parent=21929"}],"wp:term":[{"taxonomy":"category","embeddable":true,"href":"https:\/\/entretormentas.com\/index.php?rest_route=%2Fwp%2Fv2%2Fcategories&post=21929"},{"taxonomy":"post_tag","embeddable":true,"href":"https:\/\/entretormentas.com\/index.php?rest_route=%2Fwp%2Fv2%2Ftags&post=21929"}],"curies":[{"name":"wp","href":"https:\/\/api.w.org\/{rel}","templated":true}]}}