{"id":21939,"date":"2025-09-17T04:31:55","date_gmt":"2025-09-17T08:31:55","guid":{"rendered":"https:\/\/entretormentas.com\/?p=21939"},"modified":"2025-09-17T04:31:56","modified_gmt":"2025-09-17T08:31:56","slug":"junto-al-poder-popular-alcaldia-surena-prepara-nuevas-acciones-en-zonas-afectadas-por-explosion-en-gallo-verde","status":"publish","type":"post","link":"https:\/\/entretormentas.com\/junto-al-poder-popular-alcaldia-surena-prepara-nuevas-acciones-en-zonas-afectadas-por-explosion-en-gallo-verde\/","title":{"rendered":"\u00a1JUNTO AL PODER POPULAR! Alcald\u00eda sure\u00f1a prepara nuevas acciones en zonas afectadas por explosi\u00f3n en Gallo Verde"},"content":{"rendered":"\n<p><strong>ENTRE TORMENTAS. <\/strong>Siguiendo las instrucciones del Alcalde de San Francisco, H\u00e9ctor Soto, enlaces y directores del ayuntamiento sure\u00f1o, junto a concejales y representantes del Poder Popular Organizado, sostuvieron un encuentro con l\u00edderes de las comunidades afectadas por la explosi\u00f3n en la f\u00e1brica de fuegos artificiales \u00abGallo Verde\u00bb, con el prop\u00f3sito de definir las siguientes acciones para la atenci\u00f3n y recuperaci\u00f3n progresiva de la zona impactada.<\/p>\n\n\n\n<figure class=\"wp-block-image size-large\"><img fetchpriority=\"high\" decoding=\"async\" width=\"1024\" height=\"693\" src=\"https:\/\/entretormentas.com\/wp-content\/uploads\/2025\/09\/explotados2-1024x693.jpeg\" alt=\"\" class=\"wp-image-21940\" srcset=\"https:\/\/entretormentas.com\/wp-content\/uploads\/2025\/09\/explotados2-1024x693.jpeg 1024w, https:\/\/entretormentas.com\/wp-content\/uploads\/2025\/09\/explotados2-300x203.jpeg 300w, https:\/\/entretormentas.com\/wp-content\/uploads\/2025\/09\/explotados2-768x520.jpeg 768w, https:\/\/entretormentas.com\/wp-content\/uploads\/2025\/09\/explotados2.jpeg 1280w\" sizes=\"(max-width: 1024px) 100vw, 1024px\" \/><\/figure>\n\n\n\n<p>Gracias al esfuerzo conjunto del Poder Popular con las direcciones municipales de Desarrollo Social e Infraestructura, se han realizado censos casa por casa para constatar el estado de las viviendas y avanzar en un plan de recuperaci\u00f3n. Asimismo, se levant\u00f3 la data de los habitantes que requieren atenci\u00f3n especial en materia de salud, como adultos mayores, ni\u00f1os y personas con patolog\u00edas cr\u00f3nicas (diabetes e hipertensi\u00f3n, entre otras), inform\u00f3 Dayana L\u00f3pez, concejal de la parroquia Marcial Hern\u00e1ndez, donde ocurri\u00f3 el siniestro.<\/p>\n\n\n\n<p>En paralelo, se concluy\u00f3 la entrega de combos alimenticios en las zonas con menor impacto. Adem\u00e1s, gracias al trabajo del Instituto Municipal P\u00fablico de Gas (IMPGAS), se garantiz\u00f3 el restablecimiento del servicio de gas dom\u00e9stico. Para las \u00e1reas con mayor afectaci\u00f3n, se acord\u00f3 la instalaci\u00f3n de comedores comunitarios a fin de asegurar la alimentaci\u00f3n de todos los ciudadanos.<\/p>\n\n\n\n<figure class=\"wp-block-image size-large\"><img decoding=\"async\" width=\"1024\" height=\"682\" src=\"https:\/\/entretormentas.com\/wp-content\/uploads\/2025\/09\/explotados3-1024x682.jpeg\" alt=\"\" class=\"wp-image-21941\" srcset=\"https:\/\/entretormentas.com\/wp-content\/uploads\/2025\/09\/explotados3-1024x682.jpeg 1024w, https:\/\/entretormentas.com\/wp-content\/uploads\/2025\/09\/explotados3-300x200.jpeg 300w, https:\/\/entretormentas.com\/wp-content\/uploads\/2025\/09\/explotados3-768x511.jpeg 768w, https:\/\/entretormentas.com\/wp-content\/uploads\/2025\/09\/explotados3.jpeg 1280w\" sizes=\"(max-width: 1024px) 100vw, 1024px\" \/><\/figure>\n\n\n\n<p>En materia de seguridad, la Direcci\u00f3n de Prevenci\u00f3n y Seguridad Ciudadana, junto a la Polic\u00eda de San Francisco, mantiene un despliegue permanente para resguardar la zona cero actualmente bajo investigaci\u00f3n y evitar situaciones de desorden ocasionadas por personas ajenas a la comunidad.<\/p>\n\n\n\n<p>Finalmente, la Concejal L\u00f3pez destac\u00f3 que la atenci\u00f3n m\u00e9dica en los sectores afectados no se ha interrumpido. Equipos del Instituto Municipal de Salud de San Francisco, Barrio Adentro, cl\u00ednicas populares y param\u00e9dicos del Cuerpo de Bomberos permanecen activos las 24 horas del d\u00eda. \u201cCon el compromiso de garantizar asistencia oportuna a los m\u00e1s necesitados, tal como lo ha instruido el Alcalde H\u00e9ctor Soto, quien se ha comprometido con este pueblo a ayudarlos a recuperar su dignidad y su esperanza\u201d, subray\u00f3 L\u00f3pez.<br><strong><em>ET \/ Prensa Alcald\u00eda de San Francisco<\/em><\/strong><\/p>\n","protected":false},"excerpt":{"rendered":"<p>ENTRE TORMENTAS. Siguiendo las instrucciones del Alcalde de San Francisco, H\u00e9ctor Soto, enlaces y directores&#8230;<\/p>\n","protected":false},"author":2,"featured_media":21942,"comment_status":"closed","ping_status":"open","sticky":false,"template":"","format":"standard","meta":{"footnotes":""},"categories":[57,1],"tags":[],"class_list":["post-21939","post","type-post","status-publish","format-standard","has-post-thumbnail","hentry","category-actualidad","category-regionales"],"_links":{"self":[{"href":"https:\/\/entretormentas.com\/index.php?rest_route=\/wp\/v2\/posts\/21939","targetHints":{"allow":["GET"]}}],"collection":[{"href":"https:\/\/entretormentas.com\/index.php?rest_route=\/wp\/v2\/posts"}],"about":[{"href":"https:\/\/entretormentas.com\/index.php?rest_route=\/wp\/v2\/types\/post"}],"author":[{"embeddable":true,"href":"https:\/\/entretormentas.com\/index.php?rest_route=\/wp\/v2\/users\/2"}],"replies":[{"embeddable":true,"href":"https:\/\/entretormentas.com\/index.php?rest_route=%2Fwp%2Fv2%2Fcomments&post=21939"}],"version-history":[{"count":1,"href":"https:\/\/entretormentas.com\/index.php?rest_route=\/wp\/v2\/posts\/21939\/revisions"}],"predecessor-version":[{"id":21943,"href":"https:\/\/entretormentas.com\/index.php?rest_route=\/wp\/v2\/posts\/21939\/revisions\/21943"}],"wp:featuredmedia":[{"embeddable":true,"href":"https:\/\/entretormentas.com\/index.php?rest_route=\/wp\/v2\/media\/21942"}],"wp:attachment":[{"href":"https:\/\/entretormentas.com\/index.php?rest_route=%2Fwp%2Fv2%2Fmedia&parent=21939"}],"wp:term":[{"taxonomy":"category","embeddable":true,"href":"https:\/\/entretormentas.com\/index.php?rest_route=%2Fwp%2Fv2%2Fcategories&post=21939"},{"taxonomy":"post_tag","embeddable":true,"href":"https:\/\/entretormentas.com\/index.php?rest_route=%2Fwp%2Fv2%2Ftags&post=21939"}],"curies":[{"name":"wp","href":"https:\/\/api.w.org\/{rel}","templated":true}]}}