{"id":21962,"date":"2025-09-18T03:39:31","date_gmt":"2025-09-18T07:39:31","guid":{"rendered":"https:\/\/entretormentas.com\/?p=21962"},"modified":"2025-09-18T03:39:31","modified_gmt":"2025-09-18T07:39:31","slug":"con-apoyo-de-la-alcaldia-de-maracaibo-fundacion-ninos-del-sol-reabre-este-18-sep-su-escuela-para-padres","status":"publish","type":"post","link":"https:\/\/entretormentas.com\/con-apoyo-de-la-alcaldia-de-maracaibo-fundacion-ninos-del-sol-reabre-este-18-sep-su-escuela-para-padres\/","title":{"rendered":"\u00a1CON APOYO DE LA ALCALD\u00cdA DE MARACAIBO! Fundaci\u00f3n Ni\u00f1os del Sol reabre este 18-Sep su Escuela para Padres"},"content":{"rendered":"\n<p><strong>ENTRE TORMENTAS.<\/strong> La Fundaci\u00f3n Ni\u00f1os del Sol, a trav\u00e9s de su Centro de Orientaci\u00f3n Familiar (COF), adscrito a la alcald\u00eda de Maracaibo, anunci\u00f3 la reactivaci\u00f3n de su reconocida Escuela para Padres, un espacio dedicado a fortalecer los v\u00ednculos familiares, promover el bienestar emocional y brindar herramientas pr\u00e1cticas para la crianza consciente.<\/p>\n\n\n\n<p>La informaci\u00f3n la dio conocer Nicolle Sardi, Coordinadora del Centro de Orientaci\u00f3n Familiar, quien expres\u00f3 que esta nueva etapa con la Directora de Desarrollo Social al frente, Ana Clara Barboza de Di Martino, viene acompa\u00f1ada de una visi\u00f3n renovadora y emp\u00e1tica, con charlas o encuentros que buscar\u00e1n ser un espacio de escucha, reflexi\u00f3n y aprendizaje colectivo, adaptados a las realidades actuales que enfrentan madres, padres y representantes.<\/p>\n\n\n\n<figure class=\"wp-block-image size-large\"><img fetchpriority=\"high\" decoding=\"async\" width=\"1024\" height=\"768\" src=\"https:\/\/entretormentas.com\/wp-content\/uploads\/2025\/09\/ninossol2-1024x768.jpeg\" alt=\"\" class=\"wp-image-21963\" srcset=\"https:\/\/entretormentas.com\/wp-content\/uploads\/2025\/09\/ninossol2-1024x768.jpeg 1024w, https:\/\/entretormentas.com\/wp-content\/uploads\/2025\/09\/ninossol2-300x225.jpeg 300w, https:\/\/entretormentas.com\/wp-content\/uploads\/2025\/09\/ninossol2-768x576.jpeg 768w, https:\/\/entretormentas.com\/wp-content\/uploads\/2025\/09\/ninossol2.jpeg 1080w\" sizes=\"(max-width: 1024px) 100vw, 1024px\" \/><\/figure>\n\n\n\n<p>\u201cLa Escuela para Padres es mucho m\u00e1s que un ciclo de charlas. Es una comunidad que acompa\u00f1a, orienta y transforma. Queremos que cada familia se sienta parte de este proceso\u201d, expres\u00f3 Nicolle Sardi.<\/p>\n\n\n\n<p>Indic\u00f3 que la Escuela para Padres funcionar\u00e1 a trav\u00e9s de sesiones v\u00eda online o presenciales en las instalaciones de la Fundaci\u00f3n Ni\u00f1os del Sol, ubicada en el final de la avenida Bellavista con Padilla, y las tem\u00e1ticas de las charlas abordar\u00e1n desde la comunicaci\u00f3n afectiva, el manejo de l\u00edmites, el autocuidado parental, hasta la prevenci\u00f3n de situaciones de riesgo. Adem\u00e1s, se incluir\u00e1n din\u00e1micas participativas, recursos multimedia y espacios l\u00fadicos para fomentar el aprendizaje vivencial.<\/p>\n\n\n\n<p>Con esta iniciativa, la alcald\u00eda bolivariana de Maracaibo, a trav\u00e9s de la Fundaci\u00f3n Ni\u00f1os del Sol, reafirma su compromiso con el fortalecimiento familiar como base de una sociedad m\u00e1s emp\u00e1tica, resiliente y solidaria. La invitaci\u00f3n est\u00e1 abierta a todas las familias de la comunidad, la participaci\u00f3n es totalmente gratuita.\/FIN<br><strong><em>ET \/ Prensa Alcald\u00eda de Maracaibo<\/em><\/strong><\/p>\n","protected":false},"excerpt":{"rendered":"<p>ENTRE TORMENTAS. La Fundaci\u00f3n Ni\u00f1os del Sol, a trav\u00e9s de su Centro de Orientaci\u00f3n Familiar&#8230;<\/p>\n","protected":false},"author":2,"featured_media":21964,"comment_status":"closed","ping_status":"open","sticky":false,"template":"","format":"standard","meta":{"footnotes":""},"categories":[57,1],"tags":[],"class_list":["post-21962","post","type-post","status-publish","format-standard","has-post-thumbnail","hentry","category-actualidad","category-regionales"],"_links":{"self":[{"href":"https:\/\/entretormentas.com\/index.php?rest_route=\/wp\/v2\/posts\/21962","targetHints":{"allow":["GET"]}}],"collection":[{"href":"https:\/\/entretormentas.com\/index.php?rest_route=\/wp\/v2\/posts"}],"about":[{"href":"https:\/\/entretormentas.com\/index.php?rest_route=\/wp\/v2\/types\/post"}],"author":[{"embeddable":true,"href":"https:\/\/entretormentas.com\/index.php?rest_route=\/wp\/v2\/users\/2"}],"replies":[{"embeddable":true,"href":"https:\/\/entretormentas.com\/index.php?rest_route=%2Fwp%2Fv2%2Fcomments&post=21962"}],"version-history":[{"count":1,"href":"https:\/\/entretormentas.com\/index.php?rest_route=\/wp\/v2\/posts\/21962\/revisions"}],"predecessor-version":[{"id":21965,"href":"https:\/\/entretormentas.com\/index.php?rest_route=\/wp\/v2\/posts\/21962\/revisions\/21965"}],"wp:featuredmedia":[{"embeddable":true,"href":"https:\/\/entretormentas.com\/index.php?rest_route=\/wp\/v2\/media\/21964"}],"wp:attachment":[{"href":"https:\/\/entretormentas.com\/index.php?rest_route=%2Fwp%2Fv2%2Fmedia&parent=21962"}],"wp:term":[{"taxonomy":"category","embeddable":true,"href":"https:\/\/entretormentas.com\/index.php?rest_route=%2Fwp%2Fv2%2Fcategories&post=21962"},{"taxonomy":"post_tag","embeddable":true,"href":"https:\/\/entretormentas.com\/index.php?rest_route=%2Fwp%2Fv2%2Ftags&post=21962"}],"curies":[{"name":"wp","href":"https:\/\/api.w.org\/{rel}","templated":true}]}}