{"id":21966,"date":"2025-09-18T03:44:14","date_gmt":"2025-09-18T07:44:14","guid":{"rendered":"https:\/\/entretormentas.com\/?p=21966"},"modified":"2025-09-18T03:44:16","modified_gmt":"2025-09-18T07:44:16","slug":"vida-activa-y-saludable-alcaldia-de-maracaibo-reactiva-ciclovia-a-partir-de-este-domingo","status":"publish","type":"post","link":"https:\/\/entretormentas.com\/vida-activa-y-saludable-alcaldia-de-maracaibo-reactiva-ciclovia-a-partir-de-este-domingo\/","title":{"rendered":"\u00a1VIDA ACTIVA Y SALUDABLE! Alcald\u00eda de Maracaibo reactiva Ciclov\u00eda a partir de este domingo"},"content":{"rendered":"\n<p><strong>ENTRE TORMENTAS. <\/strong>Con el objetivo de incentivar una vida m\u00e1s activa, saludable, promover la convivencia familiar y el disfrute del espacio p\u00fablico, la Alcald\u00eda Bolivariana de Maracaibo reanuda a partir de este domingo 21 de septiembre, la \u201cCiclov\u00eda\u201d.<\/p>\n\n\n\n<p>La Primera Dama del Municipio y directora general de Desarrollo Social, Ana Clara Barboza de Di Martino, dijo que \u201cen respuesta a las peticiones de nuestros marabinos y marabinas y cumpliendo instrucciones del alcalde Giancarlo Di Martino, hemos decidido reactivar la ciclov\u00eda con casi siete kil\u00f3metros para la distracci\u00f3n de los marabinos, iniciando desde la plaza El \u00c1ngel hasta el Instituto Municipal para la Gaita \u201cRicardo Aguirre\u201d.<\/p>\n\n\n\n<figure class=\"wp-block-image size-large\"><img fetchpriority=\"high\" decoding=\"async\" width=\"1024\" height=\"561\" src=\"https:\/\/entretormentas.com\/wp-content\/uploads\/2025\/09\/ciclovia2-1024x561.jpeg\" alt=\"\" class=\"wp-image-21967\" srcset=\"https:\/\/entretormentas.com\/wp-content\/uploads\/2025\/09\/ciclovia2-1024x561.jpeg 1024w, https:\/\/entretormentas.com\/wp-content\/uploads\/2025\/09\/ciclovia2-300x164.jpeg 300w, https:\/\/entretormentas.com\/wp-content\/uploads\/2025\/09\/ciclovia2-768x421.jpeg 768w, https:\/\/entretormentas.com\/wp-content\/uploads\/2025\/09\/ciclovia2.jpeg 1080w\" sizes=\"(max-width: 1024px) 100vw, 1024px\" \/><\/figure>\n\n\n\n<p>\u00abEl horario de la ciclov\u00eda es de 6:00 a 9:00 de la ma\u00f1ana, con un recorrido que abarca desde la plaza \u201cEl \u00c1ngel\u201d ubicada en la avenida 4 Bella Vista, hasta la Plaza \u201cAl\u00ed Primera\u201d en la avenida 2 El Milagro; es un espacio para el disfrute para los marabinos y marabinas\u201d, detall\u00f3 Barboza de Di Martino.<\/p>\n\n\n\n<p><strong>CONDICIONES \u00d3PTIMAS<\/strong><br>Por su parte, el Marnic G\u00e1mez, presidente de Instituto Municipal del Deporte y la Recreaci\u00f3n (IMDEPREC), asever\u00f3 que la ciclov\u00eda contar\u00e1 con puntos de hidrataci\u00f3n, salud, despliegue de seguridad y estacionamiento, a fin de garantizar las mejores condiciones en este espacio dispuesto para la actividad deportiva y la recreaci\u00f3n.<\/p>\n\n\n\n<p>\u201cComo en su primera gesti\u00f3n, nosotros estamos dispuestos para garantizar en este proceso y pueda darles el ciudadano alcalde la recreaci\u00f3n, que merecen. Maracaibo estamos aqu\u00ed, vuelve la ciclov\u00eda\u201d enfatiz\u00f3 G\u00e1mez.<\/p>\n\n\n\n<figure class=\"wp-block-image size-full\"><img decoding=\"async\" width=\"686\" height=\"418\" src=\"https:\/\/entretormentas.com\/wp-content\/uploads\/2025\/09\/ciclovia3.jpeg\" alt=\"\" class=\"wp-image-21968\" srcset=\"https:\/\/entretormentas.com\/wp-content\/uploads\/2025\/09\/ciclovia3.jpeg 686w, https:\/\/entretormentas.com\/wp-content\/uploads\/2025\/09\/ciclovia3-300x183.jpeg 300w\" sizes=\"(max-width: 686px) 100vw, 686px\" \/><\/figure>\n\n\n\n<p>As\u00ed mismo y de manera simult\u00e1nea, frente a la estaci\u00f3n del Tranv\u00eda Maracaibo, se realizar\u00e1 la bailoterapia, para aquellas personas que les gusta combinar la actividad aer\u00f3bica con el baile.<\/p>\n\n\n\n<p><strong>CIERRE PARCIAL<br><\/strong>Para garantizar la seguridad de los participantes en dicha actividad, la Polic\u00eda Municipal de Maracaibo, detall\u00f3 el cierre parcial de 5:00 a 9:00 de la ma\u00f1ana en sentido sur norte desde la avenida 93 Padilla, con Avenida 2 El Milagro, hasta la plaza \u201cEl \u00c1ngel\u201d.<br><strong><em>ET \/ Prensa Alcald\u00eda de Maracaibo<\/em><\/strong><\/p>\n","protected":false},"excerpt":{"rendered":"<p>ENTRE TORMENTAS. Con el objetivo de incentivar una vida m\u00e1s activa, saludable, promover la convivencia&#8230;<\/p>\n","protected":false},"author":2,"featured_media":21969,"comment_status":"closed","ping_status":"open","sticky":false,"template":"","format":"standard","meta":{"footnotes":""},"categories":[57,1],"tags":[],"class_list":["post-21966","post","type-post","status-publish","format-standard","has-post-thumbnail","hentry","category-actualidad","category-regionales"],"_links":{"self":[{"href":"https:\/\/entretormentas.com\/index.php?rest_route=\/wp\/v2\/posts\/21966","targetHints":{"allow":["GET"]}}],"collection":[{"href":"https:\/\/entretormentas.com\/index.php?rest_route=\/wp\/v2\/posts"}],"about":[{"href":"https:\/\/entretormentas.com\/index.php?rest_route=\/wp\/v2\/types\/post"}],"author":[{"embeddable":true,"href":"https:\/\/entretormentas.com\/index.php?rest_route=\/wp\/v2\/users\/2"}],"replies":[{"embeddable":true,"href":"https:\/\/entretormentas.com\/index.php?rest_route=%2Fwp%2Fv2%2Fcomments&post=21966"}],"version-history":[{"count":1,"href":"https:\/\/entretormentas.com\/index.php?rest_route=\/wp\/v2\/posts\/21966\/revisions"}],"predecessor-version":[{"id":21970,"href":"https:\/\/entretormentas.com\/index.php?rest_route=\/wp\/v2\/posts\/21966\/revisions\/21970"}],"wp:featuredmedia":[{"embeddable":true,"href":"https:\/\/entretormentas.com\/index.php?rest_route=\/wp\/v2\/media\/21969"}],"wp:attachment":[{"href":"https:\/\/entretormentas.com\/index.php?rest_route=%2Fwp%2Fv2%2Fmedia&parent=21966"}],"wp:term":[{"taxonomy":"category","embeddable":true,"href":"https:\/\/entretormentas.com\/index.php?rest_route=%2Fwp%2Fv2%2Fcategories&post=21966"},{"taxonomy":"post_tag","embeddable":true,"href":"https:\/\/entretormentas.com\/index.php?rest_route=%2Fwp%2Fv2%2Ftags&post=21966"}],"curies":[{"name":"wp","href":"https:\/\/api.w.org\/{rel}","templated":true}]}}