{"id":21976,"date":"2025-09-18T03:51:42","date_gmt":"2025-09-18T07:51:42","guid":{"rendered":"https:\/\/entretormentas.com\/?p=21976"},"modified":"2025-09-18T03:51:43","modified_gmt":"2025-09-18T07:51:43","slug":"iniciativa-de-la-gobernacion-funcionarios-publicos-del-zulia-se-forman-para-combatir-la-violencia-de-genero","status":"publish","type":"post","link":"https:\/\/entretormentas.com\/iniciativa-de-la-gobernacion-funcionarios-publicos-del-zulia-se-forman-para-combatir-la-violencia-de-genero\/","title":{"rendered":"\u00a1INICIATIVA DE LA GOBERNACI\u00d3N! Funcionarios p\u00fablicos del Zulia se forman para combatir la violencia de g\u00e9nero"},"content":{"rendered":"\n<p><strong>ENTRE TORMENTAS. <\/strong>Con el objetivo de fortalecer las pol\u00edticas de prevenci\u00f3n de la violencia contra la mujer en la regi\u00f3n, la Gobernaci\u00f3n del Zulia, bajo la direcci\u00f3n del gobernador Luis Caldera, llev\u00f3 a cabo un taller de formaci\u00f3n dirigido a funcionarios p\u00fablicos. Esta iniciativa se enmarca en las directrices del presidente Nicol\u00e1s Maduro para la protecci\u00f3n de las mujeres venezolanas.<\/p>\n\n\n\n<p>El taller, realizado el martes 16 de septiembre en las instalaciones del Museo Rafael Urdaneta, abord\u00f3 el M\u00f3dulo III: \u00abBuenas Pr\u00e1cticas para Mujeres V\u00edctimas de Violencia de g\u00e9nero\u00bb.<\/p>\n\n\n\n<p>La actividad, organizada por la Secretar\u00eda de Promoci\u00f3n y Prevenci\u00f3n Ciudadana, busca formar a los servidores p\u00fablicos en la atenci\u00f3n primaria a las v\u00edctimas de violencia basada en g\u00e9nero.<\/p>\n\n\n\n<figure class=\"wp-block-image size-full\"><img fetchpriority=\"high\" decoding=\"async\" width=\"960\" height=\"720\" src=\"https:\/\/entretormentas.com\/wp-content\/uploads\/2025\/09\/publicos2.jpeg\" alt=\"\" class=\"wp-image-21977\" srcset=\"https:\/\/entretormentas.com\/wp-content\/uploads\/2025\/09\/publicos2.jpeg 960w, https:\/\/entretormentas.com\/wp-content\/uploads\/2025\/09\/publicos2-300x225.jpeg 300w, https:\/\/entretormentas.com\/wp-content\/uploads\/2025\/09\/publicos2-768x576.jpeg 768w\" sizes=\"(max-width: 960px) 100vw, 960px\" \/><\/figure>\n\n\n\n<p>\u00abEste tipo de actividades son fundamentales para garantizar que los funcionarios de nuestro estado cuenten con las herramientas necesarias para atender de manera digna y profesional a las mujeres que lamentablemente son v\u00edctimas de violencia\u00bb, afirm\u00f3 Silvestre Villalobos, secretario de Promoci\u00f3n y Prevenci\u00f3n Ciudadana.<\/p>\n\n\n\n<p>La jornada formativa cont\u00f3 con la participaci\u00f3n de diversas instituciones y organismos del estado, incluyendo las Secretar\u00edas de Desarrollo Social y de Educaci\u00f3n, la Direcci\u00f3n de Relaciones Interinstitucionales (DRI), la Intendencia y la Fundaci\u00f3n Jos\u00e9 F\u00e9lix Ribas.<\/p>\n\n\n\n<p>Osmedo Valecillos, subsecretario de Promoci\u00f3n y Prevenci\u00f3n Ciudadana, enfatiz\u00f3 la importancia de este programa de capacitaci\u00f3n: \u00abLa prevenci\u00f3n es una tarea de todos. Con esta formaci\u00f3n, buscamos crear una red de apoyo integral que brinde una respuesta efectiva y oportuna a las v\u00edctimas, impulsando as\u00ed un Zulia m\u00e1s seguro y justo para todas\u00bb.<\/p>\n\n\n\n<p>El taller se centr\u00f3 en la atenci\u00f3n primaria a v\u00edctimas de violencia de g\u00e9nero, analizando los protocolos adecuados y las buenas pr\u00e1cticas para acompa\u00f1ar a las mujeres en su proceso de denuncia y recuperaci\u00f3n.<\/p>\n\n\n\n<p>La iniciativa reafirma el compromiso del Gobierno del Zulia con la defensa de los derechos de las mujeres y la erradicaci\u00f3n de la violencia de g\u00e9nero.<br><strong><em>ET \/ Nota de Prensa<\/em><\/strong><\/p>\n\n\n\n<p><\/p>\n","protected":false},"excerpt":{"rendered":"<p>ENTRE TORMENTAS. Con el objetivo de fortalecer las pol\u00edticas de prevenci\u00f3n de la violencia contra&#8230;<\/p>\n","protected":false},"author":2,"featured_media":21978,"comment_status":"closed","ping_status":"open","sticky":false,"template":"","format":"standard","meta":{"footnotes":""},"categories":[57,1],"tags":[],"class_list":["post-21976","post","type-post","status-publish","format-standard","has-post-thumbnail","hentry","category-actualidad","category-regionales"],"_links":{"self":[{"href":"https:\/\/entretormentas.com\/index.php?rest_route=\/wp\/v2\/posts\/21976","targetHints":{"allow":["GET"]}}],"collection":[{"href":"https:\/\/entretormentas.com\/index.php?rest_route=\/wp\/v2\/posts"}],"about":[{"href":"https:\/\/entretormentas.com\/index.php?rest_route=\/wp\/v2\/types\/post"}],"author":[{"embeddable":true,"href":"https:\/\/entretormentas.com\/index.php?rest_route=\/wp\/v2\/users\/2"}],"replies":[{"embeddable":true,"href":"https:\/\/entretormentas.com\/index.php?rest_route=%2Fwp%2Fv2%2Fcomments&post=21976"}],"version-history":[{"count":1,"href":"https:\/\/entretormentas.com\/index.php?rest_route=\/wp\/v2\/posts\/21976\/revisions"}],"predecessor-version":[{"id":21979,"href":"https:\/\/entretormentas.com\/index.php?rest_route=\/wp\/v2\/posts\/21976\/revisions\/21979"}],"wp:featuredmedia":[{"embeddable":true,"href":"https:\/\/entretormentas.com\/index.php?rest_route=\/wp\/v2\/media\/21978"}],"wp:attachment":[{"href":"https:\/\/entretormentas.com\/index.php?rest_route=%2Fwp%2Fv2%2Fmedia&parent=21976"}],"wp:term":[{"taxonomy":"category","embeddable":true,"href":"https:\/\/entretormentas.com\/index.php?rest_route=%2Fwp%2Fv2%2Fcategories&post=21976"},{"taxonomy":"post_tag","embeddable":true,"href":"https:\/\/entretormentas.com\/index.php?rest_route=%2Fwp%2Fv2%2Ftags&post=21976"}],"curies":[{"name":"wp","href":"https:\/\/api.w.org\/{rel}","templated":true}]}}