{"id":21988,"date":"2025-09-18T04:02:45","date_gmt":"2025-09-18T08:02:45","guid":{"rendered":"https:\/\/entretormentas.com\/?p=21988"},"modified":"2025-09-18T04:02:46","modified_gmt":"2025-09-18T08:02:46","slug":"trabajo-mancomunado-ima-lleva-operativo-de-limpieza-a-unidades-educativas-en-el-marco-del-inicio-de-clases","status":"publish","type":"post","link":"https:\/\/entretormentas.com\/trabajo-mancomunado-ima-lleva-operativo-de-limpieza-a-unidades-educativas-en-el-marco-del-inicio-de-clases\/","title":{"rendered":"\u00a1TRABAJO MANCOMUNADO! IMA lleva operativo de limpieza a Unidades Educativas en el marco del inicio de clases"},"content":{"rendered":"\n<p><strong>ENTRE TORMENTAS. <\/strong>Ante el reci\u00e9n inicio del a\u00f1o escolar, equipos del gobierno nacional, regional y municipal de Maracaibo, dieron inicio a una jornada de saneamiento ambiental en la Escuela B\u00e1sica Dr. Ram\u00f3n Reinoso N\u00fa\u00f1ez, de la parroquia Caracciolo Parra P\u00e9rez y Martin Zapata del sector El Progreso en la parroquia Cristo de Aranza.<\/p>\n\n\n\n<p>El presidente del Instituto Municipal del Ambiente (IMA), Janner P\u00e9rez, supervis\u00f3 el operativo de limpieza en las referidas escuelas en coordinaci\u00f3n con el poder popular, comunas y concejales y detall\u00f3 que se trata de adecuar los espacios para recibir a un gran n\u00famero de estudiantes, ofreci\u00e9ndoles un ambiente grato que estimule adem\u00e1s la participaci\u00f3n de los alumnos en el \u00e1rea de conservaci\u00f3n ambiental.<\/p>\n\n\n\n<figure class=\"wp-block-image size-full\"><img fetchpriority=\"high\" decoding=\"async\" width=\"1020\" height=\"765\" src=\"https:\/\/entretormentas.com\/wp-content\/uploads\/2025\/09\/imalimpia2.jpeg\" alt=\"\" class=\"wp-image-21989\" srcset=\"https:\/\/entretormentas.com\/wp-content\/uploads\/2025\/09\/imalimpia2.jpeg 1020w, https:\/\/entretormentas.com\/wp-content\/uploads\/2025\/09\/imalimpia2-300x225.jpeg 300w, https:\/\/entretormentas.com\/wp-content\/uploads\/2025\/09\/imalimpia2-768x576.jpeg 768w\" sizes=\"(max-width: 1020px) 100vw, 1020px\" \/><\/figure>\n\n\n\n<p>P\u00e9rez inform\u00f3 que las labores consistieron en un trabajo completo de desmalezamiento y retiro de desechos, como parte del apoyo por parte del alcalde Giancarlo Di Martino para el rescate de las unidades educativas.<\/p>\n\n\n\n<p>El presidente del IMA se\u00f1al\u00f3 que la Escuela B\u00e1sica Regional Ram\u00f3n Reinoso N\u00fa\u00f1ez es un emblem\u00e1tico centro educativo de 50 a\u00f1os con una matr\u00edcula escolar de 409 estudiantes, mientras que la Escuela Nacional Mart\u00edn Zapata, ubicada en el sector El Progreso, mantiene una matr\u00edcula escolar de 1.034 alumnos, incorporados en dos turnos escolares.<\/p>\n\n\n\n<p>\u00abSe trata de un abordaje integral de saneamiento, por lo que hombres y mujeres integrantes de cuadrillas manuales del IMA, iniciaron la semana con un despliegue de desmalezamiento, poda de \u00e1rboles y recolecci\u00f3n de escombros, para recibir a la poblaci\u00f3n estudiantil. El alcalde Di Martino sigue trabajando dando respuesta a las comunas, abocado a atender a ni\u00f1os, ni\u00f1as y adolescentes de estas dos populosas parroquias de la ciudad\u00bb, apunt\u00f3 Janner P\u00e9rez.<br><strong><em>ET \/ Prensa Alcald\u00eda de Maracaibo<\/em><\/strong><\/p>\n","protected":false},"excerpt":{"rendered":"<p>ENTRE TORMENTAS. Ante el reci\u00e9n inicio del a\u00f1o escolar, equipos del gobierno nacional, regional y&#8230;<\/p>\n","protected":false},"author":2,"featured_media":21990,"comment_status":"closed","ping_status":"open","sticky":false,"template":"","format":"standard","meta":{"footnotes":""},"categories":[57,1],"tags":[],"class_list":["post-21988","post","type-post","status-publish","format-standard","has-post-thumbnail","hentry","category-actualidad","category-regionales"],"_links":{"self":[{"href":"https:\/\/entretormentas.com\/index.php?rest_route=\/wp\/v2\/posts\/21988","targetHints":{"allow":["GET"]}}],"collection":[{"href":"https:\/\/entretormentas.com\/index.php?rest_route=\/wp\/v2\/posts"}],"about":[{"href":"https:\/\/entretormentas.com\/index.php?rest_route=\/wp\/v2\/types\/post"}],"author":[{"embeddable":true,"href":"https:\/\/entretormentas.com\/index.php?rest_route=\/wp\/v2\/users\/2"}],"replies":[{"embeddable":true,"href":"https:\/\/entretormentas.com\/index.php?rest_route=%2Fwp%2Fv2%2Fcomments&post=21988"}],"version-history":[{"count":1,"href":"https:\/\/entretormentas.com\/index.php?rest_route=\/wp\/v2\/posts\/21988\/revisions"}],"predecessor-version":[{"id":21991,"href":"https:\/\/entretormentas.com\/index.php?rest_route=\/wp\/v2\/posts\/21988\/revisions\/21991"}],"wp:featuredmedia":[{"embeddable":true,"href":"https:\/\/entretormentas.com\/index.php?rest_route=\/wp\/v2\/media\/21990"}],"wp:attachment":[{"href":"https:\/\/entretormentas.com\/index.php?rest_route=%2Fwp%2Fv2%2Fmedia&parent=21988"}],"wp:term":[{"taxonomy":"category","embeddable":true,"href":"https:\/\/entretormentas.com\/index.php?rest_route=%2Fwp%2Fv2%2Fcategories&post=21988"},{"taxonomy":"post_tag","embeddable":true,"href":"https:\/\/entretormentas.com\/index.php?rest_route=%2Fwp%2Fv2%2Ftags&post=21988"}],"curies":[{"name":"wp","href":"https:\/\/api.w.org\/{rel}","templated":true}]}}