{"id":21992,"date":"2025-09-18T04:06:37","date_gmt":"2025-09-18T08:06:37","guid":{"rendered":"https:\/\/entretormentas.com\/?p=21992"},"modified":"2025-09-18T04:06:38","modified_gmt":"2025-09-18T08:06:38","slug":"reconocimiento-concejo-municipal-maracaibo-exalta-labor-de-las-mujeres-indigenas","status":"publish","type":"post","link":"https:\/\/entretormentas.com\/reconocimiento-concejo-municipal-maracaibo-exalta-labor-de-las-mujeres-indigenas\/","title":{"rendered":"\u00a1RECONOCIMIENTO! Concejo Municipal Maracaibo exalta labor de las mujeres ind\u00edgenas"},"content":{"rendered":"\n<p><strong>ENTRE TORMENTAS. <\/strong>M\u00e1s de 20 mujeres ind\u00edgenas recibieron una distinci\u00f3n en el Concejo Municipal de Maracaibo en reconocimiento a su liderazgo y esfuerzo a lo largo de su trayectoria como luchadoras sociales.<br>La diputada a la Asamblea Nacional y Directora Estadal del Ministerio del Poder Popular para la Mujer e Igualdad de G\u00e9nero del Estado Zulia, Vidalis Ana\u00eds Viloria Salas, fue condecorada con la Imposici\u00f3n de la Orden Ana Mar\u00eda Campos y destac\u00f3 la conmemoraci\u00f3n del 5 de septiembre como una fecha para continuar la lucha inspirada en sus antecesoras.<\/p>\n\n\n\n<p>Viloria Salas realza la visibilizaci\u00f3n de las mujeres ind\u00edgenas en Venezuela desde el a\u00f1o 1999, construyendo una nueva constituci\u00f3n nacional, reflejando a Venezuela como un pa\u00eds pluricultural y multi\u00e9tnico.<\/p>\n\n\n\n<figure class=\"wp-block-image size-large\"><img fetchpriority=\"high\" decoding=\"async\" width=\"1024\" height=\"469\" src=\"https:\/\/entretormentas.com\/wp-content\/uploads\/2025\/09\/indigenas2-1024x469.jpeg\" alt=\"\" class=\"wp-image-21993\" srcset=\"https:\/\/entretormentas.com\/wp-content\/uploads\/2025\/09\/indigenas2-1024x469.jpeg 1024w, https:\/\/entretormentas.com\/wp-content\/uploads\/2025\/09\/indigenas2-300x138.jpeg 300w, https:\/\/entretormentas.com\/wp-content\/uploads\/2025\/09\/indigenas2-768x352.jpeg 768w, https:\/\/entretormentas.com\/wp-content\/uploads\/2025\/09\/indigenas2.jpeg 1080w\" sizes=\"(max-width: 1024px) 100vw, 1024px\" \/><\/figure>\n\n\n\n<p>\u00abSomos nosotras, las mujeres de hoy, las que tenemos que seguir la lucha porque somos la visi\u00f3n y el ejemplo de cada joven mujer ind\u00edgena\u00bb, se\u00f1al\u00f3 la diputada.<\/p>\n\n\n\n<p>Destac\u00f3 la oradora de orden que \u00abcon profundo orgullo cada 5 de septiembre en Venezuela se celebra el D\u00eda Internacional de la Mujer Ind\u00edgena en honor a Bartolina Sisa, una mujer ind\u00edgena aymara que fue ejemplo de liderazgo y rebeli\u00f3n contra el dominio espa\u00f1ol\u00bb.<\/p>\n\n\n\n<p>\u00abEsta sesi\u00f3n extraordinaria es un merecido reconocimiento a la historia de la resistencia ind\u00edgena, que data de m\u00e1s de 500 a\u00f1os\u00bb, as\u00ed lo expres\u00f3 Jessy Gasc\u00f3n, presidenta de Concejo Municipal, quien hizo referencia a la invaluable trayectoria de la oradora de orden Vidalis Ana\u00eds Viloria, a quien defini\u00f3 como \u00abuna luchadora social, digna representante de los pueblos originarios cuyo legado sigue vigente y es parte de la identidad del gentilicio venezolano\u00bb, afirm\u00f3 Gasc\u00f3n.<\/p>\n\n\n\n<figure class=\"wp-block-image size-large\"><img decoding=\"async\" width=\"1024\" height=\"683\" src=\"https:\/\/entretormentas.com\/wp-content\/uploads\/2025\/09\/indigenas3-1024x683.jpeg\" alt=\"\" class=\"wp-image-21994\" srcset=\"https:\/\/entretormentas.com\/wp-content\/uploads\/2025\/09\/indigenas3-1024x683.jpeg 1024w, https:\/\/entretormentas.com\/wp-content\/uploads\/2025\/09\/indigenas3-300x200.jpeg 300w, https:\/\/entretormentas.com\/wp-content\/uploads\/2025\/09\/indigenas3-768x512.jpeg 768w, https:\/\/entretormentas.com\/wp-content\/uploads\/2025\/09\/indigenas3.jpeg 1080w\" sizes=\"(max-width: 1024px) 100vw, 1024px\" \/><\/figure>\n\n\n\n<p><strong>VOCES IND\u00cdGENAS<\/strong><br>Para Arly Gonz\u00e1lez, diputada ind\u00edgena a la Asamblea Nacional, \u201cla mujer ind\u00edgena se caracteriza por su temple y a la vez incansable defensoras de su arraigo cultural y hoy nos sentimos orgullosos de tener una oradora de orden de lujo, por su destacada trayectoria. Es el reconocimiento merecido para unas mujeres que hemos sido vulneradas a lo largo de la historia y ante las adversidades nos levantamos cada d\u00eda con optimismo a luchar por una Venezuela potencia\u201d.<\/p>\n\n\n\n<p>El concejal Kaled Fern\u00e1ndez, president de la Comisi\u00f3n de Pueblos Ind\u00edgenas, afrovenezolanidad y dem\u00e1s entidades culturales resalt\u00f3 que este homenaje a las mujeres ind\u00edgenas es un logro del proceso revolucionario, en el cual se ha contado con aportes invaluables de la diputada ind\u00edgena, Nohel\u00ed Pocaterra.<\/p>\n\n\n\n<p>Precis\u00f3 Fern\u00e1ndez que en la carta magna los pueblos originarios son reconocidos con amplitud, como parte del legado del comandante Hugo Ch\u00e1vez.<br><strong><em>ET \/ Nota de Prensa<\/em><\/strong><\/p>\n\n\n\n<p><\/p>\n","protected":false},"excerpt":{"rendered":"<p>ENTRE TORMENTAS. M\u00e1s de 20 mujeres ind\u00edgenas recibieron una distinci\u00f3n en el Concejo Municipal de&#8230;<\/p>\n","protected":false},"author":2,"featured_media":21995,"comment_status":"closed","ping_status":"open","sticky":false,"template":"","format":"standard","meta":{"footnotes":""},"categories":[57,1],"tags":[],"class_list":["post-21992","post","type-post","status-publish","format-standard","has-post-thumbnail","hentry","category-actualidad","category-regionales"],"_links":{"self":[{"href":"https:\/\/entretormentas.com\/index.php?rest_route=\/wp\/v2\/posts\/21992","targetHints":{"allow":["GET"]}}],"collection":[{"href":"https:\/\/entretormentas.com\/index.php?rest_route=\/wp\/v2\/posts"}],"about":[{"href":"https:\/\/entretormentas.com\/index.php?rest_route=\/wp\/v2\/types\/post"}],"author":[{"embeddable":true,"href":"https:\/\/entretormentas.com\/index.php?rest_route=\/wp\/v2\/users\/2"}],"replies":[{"embeddable":true,"href":"https:\/\/entretormentas.com\/index.php?rest_route=%2Fwp%2Fv2%2Fcomments&post=21992"}],"version-history":[{"count":1,"href":"https:\/\/entretormentas.com\/index.php?rest_route=\/wp\/v2\/posts\/21992\/revisions"}],"predecessor-version":[{"id":21996,"href":"https:\/\/entretormentas.com\/index.php?rest_route=\/wp\/v2\/posts\/21992\/revisions\/21996"}],"wp:featuredmedia":[{"embeddable":true,"href":"https:\/\/entretormentas.com\/index.php?rest_route=\/wp\/v2\/media\/21995"}],"wp:attachment":[{"href":"https:\/\/entretormentas.com\/index.php?rest_route=%2Fwp%2Fv2%2Fmedia&parent=21992"}],"wp:term":[{"taxonomy":"category","embeddable":true,"href":"https:\/\/entretormentas.com\/index.php?rest_route=%2Fwp%2Fv2%2Fcategories&post=21992"},{"taxonomy":"post_tag","embeddable":true,"href":"https:\/\/entretormentas.com\/index.php?rest_route=%2Fwp%2Fv2%2Ftags&post=21992"}],"curies":[{"name":"wp","href":"https:\/\/api.w.org\/{rel}","templated":true}]}}