{"id":21997,"date":"2025-09-18T04:10:40","date_gmt":"2025-09-18T08:10:40","guid":{"rendered":"https:\/\/entretormentas.com\/?p=21997"},"modified":"2025-09-18T04:10:41","modified_gmt":"2025-09-18T08:10:41","slug":"comisionado-presidencial-alcalde-soto-se-reune-con-alexander-mimou-vargas-para-desarrollar-estrategias-del-movimiento-paz-y-vida","status":"publish","type":"post","link":"https:\/\/entretormentas.com\/comisionado-presidencial-alcalde-soto-se-reune-con-alexander-mimou-vargas-para-desarrollar-estrategias-del-movimiento-paz-y-vida\/","title":{"rendered":"\u00a1COMISIONADO PRESIDENCIAL! Alcalde Soto se re\u00fane con Alexander \u00abMimou\u00bb Vargas para desarrollar estrategias del movimiento \u201cPaz y Vida\u201d"},"content":{"rendered":"\n<p><strong>ENTRE TORMENTAS. <\/strong>En las instalaciones del ayuntamiento municipal, el Alcalde de San Francisco, H\u00e9ctor Soto, el Comisionado Presidencial y presidente del movimiento \u201cPaz y Vida\u201d, Alexander \u00abMimou\u00bb Vargas, donde discutieron estrategias para el crecimiento y desarrollo del municipio en esta reuni\u00f3n que tambi\u00e9n cont\u00f3 con la presencia del presidente del Instituto Municipal de Deporte (IMDEP), Alexander Ayala.<\/p>\n\n\n\n<p>El Comisionado Presidencial, Alexander Vargas, destac\u00f3 el fortalecimiento de este plan, que tiene como objetivo entregar a las comunidades n\u00facleos propulsores de paz, as\u00ed como fomentar la adhesi\u00f3n permanente y sistem\u00e1tica de la poblaci\u00f3n a trav\u00e9s de las grandes bases.<\/p>\n\n\n\n<figure class=\"wp-block-image size-large\"><img fetchpriority=\"high\" decoding=\"async\" width=\"1024\" height=\"682\" src=\"https:\/\/entretormentas.com\/wp-content\/uploads\/2025\/09\/mimou2-1024x682.jpeg\" alt=\"\" class=\"wp-image-21998\" srcset=\"https:\/\/entretormentas.com\/wp-content\/uploads\/2025\/09\/mimou2-1024x682.jpeg 1024w, https:\/\/entretormentas.com\/wp-content\/uploads\/2025\/09\/mimou2-300x200.jpeg 300w, https:\/\/entretormentas.com\/wp-content\/uploads\/2025\/09\/mimou2-768x512.jpeg 768w, https:\/\/entretormentas.com\/wp-content\/uploads\/2025\/09\/mimou2.jpeg 1280w\" sizes=\"(max-width: 1024px) 100vw, 1024px\" \/><\/figure>\n\n\n\n<p>\u201cComo dice nuestro presidente Nicol\u00e1s Maduro, estamos trabajando con un ojo cerrado y otro abierto, atentos a lo que sucede a nivel internacional con los ataques permanentes de la ultraderecha, pero sin descuidar a la gente. M\u00e1s territorio, menos escritorio,\u201d expres\u00f3 Vargas.<\/p>\n\n\n\n<p>Por su parte, el alcalde H\u00e9ctor Soto resalt\u00f3 la importancia de esta visita para el bienestar del municipio, destacando las directrices del presidente Nicol\u00e1s Maduro, el gobernador Luis Caldera y el poder popular para el fortalecimiento del deporte y las estructuras recreativas del municipio.<\/p>\n\n\n\n<p>\u201cEn los pr\u00f3ximos d\u00edas, San Francisco ver\u00e1 avances significativos, pues, por instrucciones de nuestro presidente Nicol\u00e1s Maduro, en cada una de las bases de misiones, como la de Jos\u00e9 Domingo Rus, se dar\u00e1 inicio al plan de desarrollo. San Francisco est\u00e1 de rodillas, muy atento ante cualquier amenaza o ej\u00e9rcito que pretenda ejercer en nuestra amada patria,\u201d concluy\u00f3 Soto.<br><strong><em>ET \/ Prensa Alcald\u00eda de San Francisco<\/em><\/strong><\/p>\n","protected":false},"excerpt":{"rendered":"<p>ENTRE TORMENTAS. En las instalaciones del ayuntamiento municipal, el Alcalde de San Francisco, H\u00e9ctor Soto,&#8230;<\/p>\n","protected":false},"author":2,"featured_media":21999,"comment_status":"closed","ping_status":"open","sticky":false,"template":"","format":"standard","meta":{"footnotes":""},"categories":[57,1],"tags":[],"class_list":["post-21997","post","type-post","status-publish","format-standard","has-post-thumbnail","hentry","category-actualidad","category-regionales"],"_links":{"self":[{"href":"https:\/\/entretormentas.com\/index.php?rest_route=\/wp\/v2\/posts\/21997","targetHints":{"allow":["GET"]}}],"collection":[{"href":"https:\/\/entretormentas.com\/index.php?rest_route=\/wp\/v2\/posts"}],"about":[{"href":"https:\/\/entretormentas.com\/index.php?rest_route=\/wp\/v2\/types\/post"}],"author":[{"embeddable":true,"href":"https:\/\/entretormentas.com\/index.php?rest_route=\/wp\/v2\/users\/2"}],"replies":[{"embeddable":true,"href":"https:\/\/entretormentas.com\/index.php?rest_route=%2Fwp%2Fv2%2Fcomments&post=21997"}],"version-history":[{"count":1,"href":"https:\/\/entretormentas.com\/index.php?rest_route=\/wp\/v2\/posts\/21997\/revisions"}],"predecessor-version":[{"id":22000,"href":"https:\/\/entretormentas.com\/index.php?rest_route=\/wp\/v2\/posts\/21997\/revisions\/22000"}],"wp:featuredmedia":[{"embeddable":true,"href":"https:\/\/entretormentas.com\/index.php?rest_route=\/wp\/v2\/media\/21999"}],"wp:attachment":[{"href":"https:\/\/entretormentas.com\/index.php?rest_route=%2Fwp%2Fv2%2Fmedia&parent=21997"}],"wp:term":[{"taxonomy":"category","embeddable":true,"href":"https:\/\/entretormentas.com\/index.php?rest_route=%2Fwp%2Fv2%2Fcategories&post=21997"},{"taxonomy":"post_tag","embeddable":true,"href":"https:\/\/entretormentas.com\/index.php?rest_route=%2Fwp%2Fv2%2Ftags&post=21997"}],"curies":[{"name":"wp","href":"https:\/\/api.w.org\/{rel}","templated":true}]}}