{"id":22001,"date":"2025-09-18T04:13:37","date_gmt":"2025-09-18T08:13:37","guid":{"rendered":"https:\/\/entretormentas.com\/?p=22001"},"modified":"2025-09-18T04:13:38","modified_gmt":"2025-09-18T08:13:38","slug":"para-obras-sociales-basilica-de-la-chinita-anuncia-el-potazo-chiquinquireno-para-el-26-y-27-de-septiembre","status":"publish","type":"post","link":"https:\/\/entretormentas.com\/para-obras-sociales-basilica-de-la-chinita-anuncia-el-potazo-chiquinquireno-para-el-26-y-27-de-septiembre\/","title":{"rendered":"\u00a1PARA OBRAS SOCIALES! Bas\u00edlica de la Chinita anuncia el Potazo Chiquinquire\u00f1o para el 26 y 27 de septiembre"},"content":{"rendered":"\n<p><strong>ENTRE TORMENTAS.<\/strong> La Bas\u00edlica de Nuestra Se\u00f1ora del Rosario de Chiquinquir\u00e1 inform\u00f3 este mi\u00e9rcoles que el tradicional Potazo Chiquinquire\u00f1o ser\u00e1 el viernes 26 y 27 de septiembre.<\/p>\n\n\n\n<p>\u201cCon gran alegr\u00eda, anunciamos que el Potazo Chiquinquire\u00f1o regresa a nuestras calles. Este viernes 26 y s\u00e1bado 27 de septiembre tendremos la oportunidad de manifestar nuestra devoci\u00f3n a la Chinita a trav\u00e9s de un gesto de amor hacia los m\u00e1s necesitados\u201d, indic\u00f3 el templo marabino a trav\u00e9s de su cuenta de Instagram.<\/p>\n\n\n\n<figure class=\"wp-block-image size-large\"><img fetchpriority=\"high\" decoding=\"async\" width=\"819\" height=\"1024\" src=\"https:\/\/entretormentas.com\/wp-content\/uploads\/2025\/09\/potazo2-819x1024.jpeg\" alt=\"\" class=\"wp-image-22002\" srcset=\"https:\/\/entretormentas.com\/wp-content\/uploads\/2025\/09\/potazo2-819x1024.jpeg 819w, https:\/\/entretormentas.com\/wp-content\/uploads\/2025\/09\/potazo2-240x300.jpeg 240w, https:\/\/entretormentas.com\/wp-content\/uploads\/2025\/09\/potazo2-768x960.jpeg 768w, https:\/\/entretormentas.com\/wp-content\/uploads\/2025\/09\/potazo2.jpeg 1024w\" sizes=\"(max-width: 819px) 100vw, 819px\" \/><\/figure>\n\n\n\n<p>En la publicaci\u00f3n, la Bas\u00edlica explica que la funci\u00f3n de la recaudaci\u00f3n \u201ces fundamental para el sostenimiento de la gran obra social que se lleva a cabo desde nuestra Bas\u00edlica\u201d.<\/p>\n\n\n\n<p>Finalmente, se indic\u00f3 que pr\u00f3ximamente informar\u00e1n a trav\u00e9s de sus redes sociales cu\u00e1les ser\u00e1n los puntos donde los voluntarios estar\u00e1n para recoger los donativos de aquellas personas que deseen aportar.<br><strong><em>ET \/ Foco Informativo<\/em><\/strong><\/p>\n","protected":false},"excerpt":{"rendered":"<p>ENTRE TORMENTAS. La Bas\u00edlica de Nuestra Se\u00f1ora del Rosario de Chiquinquir\u00e1 inform\u00f3 este mi\u00e9rcoles que&#8230;<\/p>\n","protected":false},"author":2,"featured_media":22003,"comment_status":"closed","ping_status":"open","sticky":false,"template":"","format":"standard","meta":{"footnotes":""},"categories":[57,1],"tags":[],"class_list":["post-22001","post","type-post","status-publish","format-standard","has-post-thumbnail","hentry","category-actualidad","category-regionales"],"_links":{"self":[{"href":"https:\/\/entretormentas.com\/index.php?rest_route=\/wp\/v2\/posts\/22001","targetHints":{"allow":["GET"]}}],"collection":[{"href":"https:\/\/entretormentas.com\/index.php?rest_route=\/wp\/v2\/posts"}],"about":[{"href":"https:\/\/entretormentas.com\/index.php?rest_route=\/wp\/v2\/types\/post"}],"author":[{"embeddable":true,"href":"https:\/\/entretormentas.com\/index.php?rest_route=\/wp\/v2\/users\/2"}],"replies":[{"embeddable":true,"href":"https:\/\/entretormentas.com\/index.php?rest_route=%2Fwp%2Fv2%2Fcomments&post=22001"}],"version-history":[{"count":1,"href":"https:\/\/entretormentas.com\/index.php?rest_route=\/wp\/v2\/posts\/22001\/revisions"}],"predecessor-version":[{"id":22004,"href":"https:\/\/entretormentas.com\/index.php?rest_route=\/wp\/v2\/posts\/22001\/revisions\/22004"}],"wp:featuredmedia":[{"embeddable":true,"href":"https:\/\/entretormentas.com\/index.php?rest_route=\/wp\/v2\/media\/22003"}],"wp:attachment":[{"href":"https:\/\/entretormentas.com\/index.php?rest_route=%2Fwp%2Fv2%2Fmedia&parent=22001"}],"wp:term":[{"taxonomy":"category","embeddable":true,"href":"https:\/\/entretormentas.com\/index.php?rest_route=%2Fwp%2Fv2%2Fcategories&post=22001"},{"taxonomy":"post_tag","embeddable":true,"href":"https:\/\/entretormentas.com\/index.php?rest_route=%2Fwp%2Fv2%2Ftags&post=22001"}],"curies":[{"name":"wp","href":"https:\/\/api.w.org\/{rel}","templated":true}]}}