{"id":22005,"date":"2025-09-18T04:17:43","date_gmt":"2025-09-18T08:17:43","guid":{"rendered":"https:\/\/entretormentas.com\/?p=22005"},"modified":"2025-09-18T04:17:44","modified_gmt":"2025-09-18T08:17:44","slug":"con-total-exito-arranca-en-maracaibo-la-6ta-exposicion-internacional-de-petroleo-industria-y-comercio","status":"publish","type":"post","link":"https:\/\/entretormentas.com\/con-total-exito-arranca-en-maracaibo-la-6ta-exposicion-internacional-de-petroleo-industria-y-comercio\/","title":{"rendered":"\u00a1CON TOTAL \u00c9XITO! Arranca en Maracaibo la 6ta. Exposici\u00f3n Internacional de Petr\u00f3leo, Industria y Comercio"},"content":{"rendered":"\n<p><strong>ENTRE TORMENTAS. <\/strong>La 6ta. Exposici\u00f3n Internacional de Petr\u00f3leo, Industria y Comercio abri\u00f3 sus puertas este mi\u00e9rcoles 17 de septiembre en las instalaciones del Hotel Kristoff de Maracaibo. Este evento se extender\u00e1 hasta el jueves 18, dos d\u00edas que ser\u00e1n un punto de encuentro clave para el sector empresarial.<\/p>\n\n\n\n<p>Edecio Parra Gonz\u00e1lez, coordinador del evento y miembro de la directiva de Petr\u00f3leos de Am\u00e9rica, resalt\u00f3 que esta exposici\u00f3n re\u00fane a 120 empresas con 400 marcas en el \u00e1rea petrolera, industrial y comercial, con el objetivo de fomentar el intercambio de ideas y contribuciones para el desarrollo econ\u00f3mico del pa\u00eds.<\/p>\n\n\n\n<figure class=\"wp-block-image size-full\"><img fetchpriority=\"high\" decoding=\"async\" width=\"606\" height=\"385\" src=\"https:\/\/entretormentas.com\/wp-content\/uploads\/2025\/09\/sexta2.jpeg\" alt=\"\" class=\"wp-image-22006\" srcset=\"https:\/\/entretormentas.com\/wp-content\/uploads\/2025\/09\/sexta2.jpeg 606w, https:\/\/entretormentas.com\/wp-content\/uploads\/2025\/09\/sexta2-300x191.jpeg 300w\" sizes=\"(max-width: 606px) 100vw, 606px\" \/><\/figure>\n\n\n\n<p>La ceremonia de apertura cont\u00f3 con la presencia de importantes representantes nacionales y regionales como los directivos de la C\u00e1mara de Comercio de Maracaibo, la C\u00e1mara Empresarial, y Giovanni Villalobos como representante de la Gobernaci\u00f3n del estado Zulia.<\/p>\n\n\n\n<p>El discurso inaugural estuvo a cargo de Edecio Parra, fundador de Petr\u00f3leos de Am\u00e9rica, instituci\u00f3n que organiza este eventos y quien aprovech\u00f3 para celebrar los ocho a\u00f1os de la misma. Parra describi\u00f3 la exposici\u00f3n como un punto de encuentro crucial para que los empresarios muestren sus ideas, dando la bienvenida a empresarios, personalidades y p\u00fablico en general y afirmando que, \u00abel Zulia es una tierra pr\u00f3spera\u00bb. Adem\u00e1s resalt\u00f3 las grandes cualidades de la regi\u00f3n para el comercio internacional.<\/p>\n\n\n\n<figure class=\"wp-block-image size-full\"><img decoding=\"async\" width=\"506\" height=\"340\" src=\"https:\/\/entretormentas.com\/wp-content\/uploads\/2025\/09\/sexta3.jpeg\" alt=\"\" class=\"wp-image-22007\" srcset=\"https:\/\/entretormentas.com\/wp-content\/uploads\/2025\/09\/sexta3.jpeg 506w, https:\/\/entretormentas.com\/wp-content\/uploads\/2025\/09\/sexta3-300x202.jpeg 300w\" sizes=\"(max-width: 506px) 100vw, 506px\" \/><\/figure>\n\n\n\n<p>\u00d3scar Urdaneta, en representaci\u00f3n de la Alcald\u00eda de Maracaibo, expres\u00f3 su agradecimiento por el esfuerzo de la empresa privada en difundir conocimiento para el desarrollo nacional y demostrar que creen en el pa\u00eds.<\/p>\n\n\n\n<p>Finalmente, el secretario de Cultura del Ejecutivo Regional, Giovanni Villalobos, agradeci\u00f3 la invitaci\u00f3n y enfatiz\u00f3 la relevancia del Lago de Maracaibo como un motor para el desarrollo comercial. \u00abEs imposible que fracasemos\u00bb, expres\u00f3 Villalobos, destacando las grandes cualidades del territorio venezolano, porque eventos como este demuestran que la confianza es la base primordial para el progreso y desarrollo sustentable de un pa\u00eds y una regi\u00f3n tan rica en minerales y la agroindustria es el mejor marco para lograr esta meta\u00bb.<\/p>\n\n\n\n<figure class=\"wp-block-image size-full\"><img decoding=\"async\" width=\"561\" height=\"459\" src=\"https:\/\/entretormentas.com\/wp-content\/uploads\/2025\/09\/sexta4.jpeg\" alt=\"\" class=\"wp-image-22008\" srcset=\"https:\/\/entretormentas.com\/wp-content\/uploads\/2025\/09\/sexta4.jpeg 561w, https:\/\/entretormentas.com\/wp-content\/uploads\/2025\/09\/sexta4-300x245.jpeg 300w\" sizes=\"(max-width: 561px) 100vw, 561px\" \/><\/figure>\n\n\n\n<p>Esta Expo Internacional de Petr\u00f3leo, Industria y Comercio culmina en horas de la tarde de este jueves 18 de septiembre, por lo que se invita a emprendedores, empresarios y p\u00fablico en general a recorrer los espacios del Hotel Kristoff para conocer lo que este sector ofrece y desarrolla pese a las vicisitudes de la econom\u00eda nacional y global. La entrada es gratuita.<br><strong><em>ET \/ Gabriel Sthormes<\/em><\/strong><\/p>\n","protected":false},"excerpt":{"rendered":"<p>ENTRE TORMENTAS. La 6ta. Exposici\u00f3n Internacional de Petr\u00f3leo, Industria y Comercio abri\u00f3 sus puertas este&#8230;<\/p>\n","protected":false},"author":2,"featured_media":22009,"comment_status":"closed","ping_status":"open","sticky":false,"template":"","format":"standard","meta":{"footnotes":""},"categories":[57,1],"tags":[],"class_list":["post-22005","post","type-post","status-publish","format-standard","has-post-thumbnail","hentry","category-actualidad","category-regionales"],"_links":{"self":[{"href":"https:\/\/entretormentas.com\/index.php?rest_route=\/wp\/v2\/posts\/22005","targetHints":{"allow":["GET"]}}],"collection":[{"href":"https:\/\/entretormentas.com\/index.php?rest_route=\/wp\/v2\/posts"}],"about":[{"href":"https:\/\/entretormentas.com\/index.php?rest_route=\/wp\/v2\/types\/post"}],"author":[{"embeddable":true,"href":"https:\/\/entretormentas.com\/index.php?rest_route=\/wp\/v2\/users\/2"}],"replies":[{"embeddable":true,"href":"https:\/\/entretormentas.com\/index.php?rest_route=%2Fwp%2Fv2%2Fcomments&post=22005"}],"version-history":[{"count":1,"href":"https:\/\/entretormentas.com\/index.php?rest_route=\/wp\/v2\/posts\/22005\/revisions"}],"predecessor-version":[{"id":22010,"href":"https:\/\/entretormentas.com\/index.php?rest_route=\/wp\/v2\/posts\/22005\/revisions\/22010"}],"wp:featuredmedia":[{"embeddable":true,"href":"https:\/\/entretormentas.com\/index.php?rest_route=\/wp\/v2\/media\/22009"}],"wp:attachment":[{"href":"https:\/\/entretormentas.com\/index.php?rest_route=%2Fwp%2Fv2%2Fmedia&parent=22005"}],"wp:term":[{"taxonomy":"category","embeddable":true,"href":"https:\/\/entretormentas.com\/index.php?rest_route=%2Fwp%2Fv2%2Fcategories&post=22005"},{"taxonomy":"post_tag","embeddable":true,"href":"https:\/\/entretormentas.com\/index.php?rest_route=%2Fwp%2Fv2%2Ftags&post=22005"}],"curies":[{"name":"wp","href":"https:\/\/api.w.org\/{rel}","templated":true}]}}