{"id":22016,"date":"2025-09-18T04:26:07","date_gmt":"2025-09-18T08:26:07","guid":{"rendered":"https:\/\/entretormentas.com\/?p=22016"},"modified":"2025-09-18T04:26:08","modified_gmt":"2025-09-18T08:26:08","slug":"con-todos-los-niveles-de-gobierno-instalan-estado-mayor-constructivo-para-zona-afectada-por-explosion-en-san-francisco","status":"publish","type":"post","link":"https:\/\/entretormentas.com\/con-todos-los-niveles-de-gobierno-instalan-estado-mayor-constructivo-para-zona-afectada-por-explosion-en-san-francisco\/","title":{"rendered":"\u00a1CON TODOS LOS NIVELES DE GOBIERNO! Instalan Estado Mayor Constructivo para zona afectada por explosi\u00f3n en San Francisco"},"content":{"rendered":"\n<p><strong>ENTRE TORMENTAS. <\/strong>Para la atenci\u00f3n de los habitantes y la zona afectada por la explosi\u00f3n del almac\u00e9n de juegos pirot\u00e9cnicos ocurrida la pasada semana en el municipio San Francisco, los niveles de Gobierno Bolivariano conformaron este mi\u00e9rcoles 17 de septiembre el Estado Mayor Constructivo.<\/p>\n\n\n\n<p>Desde la sede del Comando del Cuerpo de Bomberos de San Francisco, el ministro del Poder Popular para H\u00e1bitat y Vivienda, GD Ra\u00fal Paredes, junto al gobernador Luis Caldera y el alcalde de San Francisco, H\u00e9ctor Soto, anunci\u00f3 la instalaci\u00f3n de este Estado Mayor.<\/p>\n\n\n\n<figure class=\"wp-block-image size-large\"><img fetchpriority=\"high\" decoding=\"async\" width=\"1024\" height=\"682\" src=\"https:\/\/entretormentas.com\/wp-content\/uploads\/2025\/09\/estado2-1024x682.jpeg\" alt=\"\" class=\"wp-image-22017\" srcset=\"https:\/\/entretormentas.com\/wp-content\/uploads\/2025\/09\/estado2-1024x682.jpeg 1024w, https:\/\/entretormentas.com\/wp-content\/uploads\/2025\/09\/estado2-300x200.jpeg 300w, https:\/\/entretormentas.com\/wp-content\/uploads\/2025\/09\/estado2-768x512.jpeg 768w, https:\/\/entretormentas.com\/wp-content\/uploads\/2025\/09\/estado2.jpeg 1280w\" sizes=\"(max-width: 1024px) 100vw, 1024px\" \/><\/figure>\n\n\n\n<p>Paredes dio a conocer que ya organizado el Estado Mayor y con los equipos que se encuentran en el sitio, podr\u00edan comenzar a ejecutarse trabajos a partir del pr\u00f3ximo lunes.<\/p>\n\n\n\n<p>El gobernador Caldera destac\u00f3 que integrar\u00e1n el equipo el Ministerio del Poder Popular para el H\u00e1bitat y Vivienda, la Gobernaci\u00f3n del Zulia, la Alcald\u00eda de San Francisco, la Fuerza Armada Nacional Bolivariana y el Poder Popular representado en las comunas. En la coordinaci\u00f3n estar\u00e1 al frente el general Audi Delgado y la sede es el Cuerpo de Bomberos de San Francisco.<\/p>\n\n\n\n<figure class=\"wp-block-image size-large\"><img decoding=\"async\" width=\"1024\" height=\"682\" src=\"https:\/\/entretormentas.com\/wp-content\/uploads\/2025\/09\/estado3-1024x682.jpeg\" alt=\"\" class=\"wp-image-22018\" srcset=\"https:\/\/entretormentas.com\/wp-content\/uploads\/2025\/09\/estado3-1024x682.jpeg 1024w, https:\/\/entretormentas.com\/wp-content\/uploads\/2025\/09\/estado3-300x200.jpeg 300w, https:\/\/entretormentas.com\/wp-content\/uploads\/2025\/09\/estado3-768x512.jpeg 768w, https:\/\/entretormentas.com\/wp-content\/uploads\/2025\/09\/estado3.jpeg 1280w\" sizes=\"(max-width: 1024px) 100vw, 1024px\" \/><\/figure>\n\n\n\n<p>\u201cAqu\u00ed est\u00e1 el Gobierno Bolivariano en la segunda fase, la primera fase se atendi\u00f3 con \u00e9xito\u201d, expres\u00f3 el mandatario zuliano, quien desglos\u00f3 las tareas que tiene el Estado Mayor Constructivo.<\/p>\n\n\n\n<p>Destac\u00f3 que las tres principales acciones expuestas por el ministro Paredes son la construcci\u00f3n de viviendas, la segunda la reconstrucci\u00f3n y la tercera la autoconstrucci\u00f3n, esta \u00faltima propuesta por los mismos afectados.<\/p>\n\n\n\n<p>El gobernador Caldera detall\u00f3 otros cinco aspectos a ser abordados, por la cartera ministerial, Gobierno regional y Alcald\u00eda, como lo son la restituci\u00f3n de servicios b\u00e1sicos, ya que se vieron afectados transformadores, l\u00edneas el sistema de gas, agua potable, recolecci\u00f3n de los desechos s\u00f3lidos.<\/p>\n\n\n\n<p>Otra l\u00ednea es la restituci\u00f3n de los enseres fundamentales, que permita que las personas puedan regresar y encuentren algunos enseres, cama y cocina; as\u00ed como solventarles combo de alimentaci\u00f3n.<\/p>\n\n\n\n<figure class=\"wp-block-image size-large\"><img decoding=\"async\" width=\"1024\" height=\"682\" src=\"https:\/\/entretormentas.com\/wp-content\/uploads\/2025\/09\/estado4-1024x682.jpeg\" alt=\"\" class=\"wp-image-22019\" srcset=\"https:\/\/entretormentas.com\/wp-content\/uploads\/2025\/09\/estado4-1024x682.jpeg 1024w, https:\/\/entretormentas.com\/wp-content\/uploads\/2025\/09\/estado4-300x200.jpeg 300w, https:\/\/entretormentas.com\/wp-content\/uploads\/2025\/09\/estado4-768x512.jpeg 768w, https:\/\/entretormentas.com\/wp-content\/uploads\/2025\/09\/estado4.jpeg 1280w\" sizes=\"(max-width: 1024px) 100vw, 1024px\" \/><\/figure>\n\n\n\n<p>\u201cUna sexta l\u00ednea es la que tiene que ver con la inspecci\u00f3n de la zona industrial para que no tengamos otro evento. Tenemos que tener este aprendizaje en un plan de aseguramiento en la zona industrial\u201d, enfatiz\u00f3.<\/p>\n\n\n\n<p>Sum\u00f3 como octavo punto la dotaci\u00f3n y equipamiento del Cuerpo de Bomberos de San Francisco, que ser\u00e1 planteado al vicepresidente Sectorial de Pol\u00edtica, Seguridad Ciudadana y Paz y ministro de Interior, Justicia y Paz, Cap. Diosdado Cabello y, como \u00faltimo el reasfaltado y trabajo en los colectores entre el distribuidor La Chinita y el acceso a Mercamara.<\/p>\n\n\n\n<p>\u201cEste es un trabajo largo, pero estar\u00e1n equipos permanentes dedic\u00e1ndose a estas nueve l\u00edneas de acci\u00f3n\u201d, puntualiz\u00f3 el gobernador.<br><strong><em>ET \/ Nota de Prensa<\/em><\/strong><\/p>\n\n\n\n<p><\/p>\n","protected":false},"excerpt":{"rendered":"<p>ENTRE TORMENTAS. Para la atenci\u00f3n de los habitantes y la zona afectada por la explosi\u00f3n&#8230;<\/p>\n","protected":false},"author":2,"featured_media":22020,"comment_status":"closed","ping_status":"open","sticky":false,"template":"","format":"standard","meta":{"footnotes":""},"categories":[57,1],"tags":[],"class_list":["post-22016","post","type-post","status-publish","format-standard","has-post-thumbnail","hentry","category-actualidad","category-regionales"],"_links":{"self":[{"href":"https:\/\/entretormentas.com\/index.php?rest_route=\/wp\/v2\/posts\/22016","targetHints":{"allow":["GET"]}}],"collection":[{"href":"https:\/\/entretormentas.com\/index.php?rest_route=\/wp\/v2\/posts"}],"about":[{"href":"https:\/\/entretormentas.com\/index.php?rest_route=\/wp\/v2\/types\/post"}],"author":[{"embeddable":true,"href":"https:\/\/entretormentas.com\/index.php?rest_route=\/wp\/v2\/users\/2"}],"replies":[{"embeddable":true,"href":"https:\/\/entretormentas.com\/index.php?rest_route=%2Fwp%2Fv2%2Fcomments&post=22016"}],"version-history":[{"count":1,"href":"https:\/\/entretormentas.com\/index.php?rest_route=\/wp\/v2\/posts\/22016\/revisions"}],"predecessor-version":[{"id":22021,"href":"https:\/\/entretormentas.com\/index.php?rest_route=\/wp\/v2\/posts\/22016\/revisions\/22021"}],"wp:featuredmedia":[{"embeddable":true,"href":"https:\/\/entretormentas.com\/index.php?rest_route=\/wp\/v2\/media\/22020"}],"wp:attachment":[{"href":"https:\/\/entretormentas.com\/index.php?rest_route=%2Fwp%2Fv2%2Fmedia&parent=22016"}],"wp:term":[{"taxonomy":"category","embeddable":true,"href":"https:\/\/entretormentas.com\/index.php?rest_route=%2Fwp%2Fv2%2Fcategories&post=22016"},{"taxonomy":"post_tag","embeddable":true,"href":"https:\/\/entretormentas.com\/index.php?rest_route=%2Fwp%2Fv2%2Ftags&post=22016"}],"curies":[{"name":"wp","href":"https:\/\/api.w.org\/{rel}","templated":true}]}}