{"id":22022,"date":"2025-09-18T04:28:59","date_gmt":"2025-09-18T08:28:59","guid":{"rendered":"https:\/\/entretormentas.com\/?p=22022"},"modified":"2025-09-18T04:29:00","modified_gmt":"2025-09-18T08:29:00","slug":"vuelta-a-la-patria-cinco-ninos-retenidos-por-ee-uu-regresan-junto-a-186-migrantes-al-pais","status":"publish","type":"post","link":"https:\/\/entretormentas.com\/vuelta-a-la-patria-cinco-ninos-retenidos-por-ee-uu-regresan-junto-a-186-migrantes-al-pais\/","title":{"rendered":"\u00a1VUELTA A LA PATRIA! Cinco ni\u00f1os retenidos por EE.UU. regresan junto a 186 migrantes al pa\u00eds"},"content":{"rendered":"\n<p><strong>ENTRE TORMENTAS. <\/strong>A trav\u00e9s de la Gran Misi\u00f3n Vuelta a la Patria, cinco madres venezolanas reciben a sus ni\u00f1os y ni\u00f1as que se encontraban secuestrados por el Gobierno de los Estados Unidos y que retornan junto a 185 hombres y mujeres, lo que marca un hito significativo para el pa\u00eds.<\/p>\n\n\n\n<p>El arribo de este vuelo n\u00famero 68 de la Gran Misi\u00f3n trajo consigo 16 mujeres, 164 hombres, una ni\u00f1a y cuatro ni\u00f1os, quienes a su llegada fueron atendidos por el equipo multidisciplinario integrado por representantes de los diferentes \u00f3rganos de seguridad del Estado venezolano con atenci\u00f3n m\u00e9dico-social integral.<\/p>\n\n\n\n<figure class=\"wp-block-image size-full\"><img fetchpriority=\"high\" decoding=\"async\" width=\"768\" height=\"450\" src=\"https:\/\/entretormentas.com\/wp-content\/uploads\/2025\/09\/vuelta2.jpeg\" alt=\"\" class=\"wp-image-22023\" srcset=\"https:\/\/entretormentas.com\/wp-content\/uploads\/2025\/09\/vuelta2.jpeg 768w, https:\/\/entretormentas.com\/wp-content\/uploads\/2025\/09\/vuelta2-300x176.jpeg 300w\" sizes=\"(max-width: 768px) 100vw, 768px\" \/><\/figure>\n\n\n\n<p>El pasado 12 de septiembre tambi\u00e9n retornaron a la naci\u00f3n cuatro ni\u00f1os que hab\u00edan sido separados de sus familias: Yoel Zerpa, Jos\u00e9 Daniel Urdaneta, Breithker Mosquera y Dominic Carmona, infantes que fueron separados de sus madres como parte de la pol\u00edtica de deportaciones masivas y detenciones forzadas de migrantes, implementada por la administraci\u00f3n de Donald Trump en Estados Unidos.<\/p>\n\n\n\n<p>A su llegada, la presidenta del ente encargado de devolver a los venezolanos a la patria, Camilla Fabri, asever\u00f3 que \u201choy es un d\u00eda de celebraci\u00f3n de la vida y de la esperanza\u201d; asimismo, reafirma que no descansar\u00e1n hasta devolver \u00aba casa a m\u00e1s de los 60 que siguen retenidos\u201d.<br><strong><em>ET \/ VTV<\/em><\/strong><\/p>\n","protected":false},"excerpt":{"rendered":"<p>ENTRE TORMENTAS. A trav\u00e9s de la Gran Misi\u00f3n Vuelta a la Patria, cinco madres venezolanas&#8230;<\/p>\n","protected":false},"author":2,"featured_media":22024,"comment_status":"closed","ping_status":"open","sticky":false,"template":"","format":"standard","meta":{"footnotes":""},"categories":[56,49],"tags":[],"class_list":["post-22022","post","type-post","status-publish","format-standard","has-post-thumbnail","hentry","category-destacadas","category-nacionales"],"_links":{"self":[{"href":"https:\/\/entretormentas.com\/index.php?rest_route=\/wp\/v2\/posts\/22022","targetHints":{"allow":["GET"]}}],"collection":[{"href":"https:\/\/entretormentas.com\/index.php?rest_route=\/wp\/v2\/posts"}],"about":[{"href":"https:\/\/entretormentas.com\/index.php?rest_route=\/wp\/v2\/types\/post"}],"author":[{"embeddable":true,"href":"https:\/\/entretormentas.com\/index.php?rest_route=\/wp\/v2\/users\/2"}],"replies":[{"embeddable":true,"href":"https:\/\/entretormentas.com\/index.php?rest_route=%2Fwp%2Fv2%2Fcomments&post=22022"}],"version-history":[{"count":1,"href":"https:\/\/entretormentas.com\/index.php?rest_route=\/wp\/v2\/posts\/22022\/revisions"}],"predecessor-version":[{"id":22025,"href":"https:\/\/entretormentas.com\/index.php?rest_route=\/wp\/v2\/posts\/22022\/revisions\/22025"}],"wp:featuredmedia":[{"embeddable":true,"href":"https:\/\/entretormentas.com\/index.php?rest_route=\/wp\/v2\/media\/22024"}],"wp:attachment":[{"href":"https:\/\/entretormentas.com\/index.php?rest_route=%2Fwp%2Fv2%2Fmedia&parent=22022"}],"wp:term":[{"taxonomy":"category","embeddable":true,"href":"https:\/\/entretormentas.com\/index.php?rest_route=%2Fwp%2Fv2%2Fcategories&post=22022"},{"taxonomy":"post_tag","embeddable":true,"href":"https:\/\/entretormentas.com\/index.php?rest_route=%2Fwp%2Fv2%2Ftags&post=22022"}],"curies":[{"name":"wp","href":"https:\/\/api.w.org\/{rel}","templated":true}]}}