{"id":22036,"date":"2025-09-18T04:40:05","date_gmt":"2025-09-18T08:40:05","guid":{"rendered":"https:\/\/entretormentas.com\/?p=22036"},"modified":"2025-09-18T04:40:06","modified_gmt":"2025-09-18T08:40:06","slug":"merecida-nominacion-venezolano-pablo-lopez-es-nominado-al-premio-roberto-clemente","status":"publish","type":"post","link":"https:\/\/entretormentas.com\/merecida-nominacion-venezolano-pablo-lopez-es-nominado-al-premio-roberto-clemente\/","title":{"rendered":"\u00a1MERECIDA NOMINACI\u00d3N! Venezolano Pablo L\u00f3pez es nominado al Premio Roberto Clemente"},"content":{"rendered":"\n<p><strong>ENTRE TORMENTAS. <\/strong>Las Grandes Ligas anunciaron el lunes sus planes para 2025 de celebrar el legado humanitario del miembro del Sal\u00f3n de la Fama, Roberto Clemente. Los preparativos se centran en el D\u00eda anual de Roberto Clemente y el galard\u00f3n individual m\u00e1s prestigioso del beisbol, el Premio Roberto Clemente.<\/p>\n\n\n\n<p>Entre los 30 nominados al galard\u00f3n, aparece el lanzador derecho de los Mellizos de Minnesota, Pablo L\u00f3pez.<\/p>\n\n\n\n<p>El Premio Roberto Clemente reconoce cada a\u00f1o al jugador de las Mayores que mejor representa al juego, a trav\u00e9s de su car\u00e1cter extraordinario, su compromiso con la comunidad, su filantrop\u00eda y sus contribuciones positivas, tanto dentro como fuera del campo.<\/p>\n\n\n\n<p>Los nominados, anunciados en exclusiva por MLB Network, ser\u00e1n reconocidos en los estadios a partir de este lunes, 15 de septiembre, D\u00eda de Roberto Clemente.<\/p>\n\n\n\n<figure class=\"wp-block-image size-large\"><img fetchpriority=\"high\" decoding=\"async\" width=\"1024\" height=\"719\" src=\"https:\/\/entretormentas.com\/wp-content\/uploads\/2025\/09\/pablolopez2-1024x719.jpeg\" alt=\"\" class=\"wp-image-22037\" srcset=\"https:\/\/entretormentas.com\/wp-content\/uploads\/2025\/09\/pablolopez2-1024x719.jpeg 1024w, https:\/\/entretormentas.com\/wp-content\/uploads\/2025\/09\/pablolopez2-300x211.jpeg 300w, https:\/\/entretormentas.com\/wp-content\/uploads\/2025\/09\/pablolopez2-768x539.jpeg 768w, https:\/\/entretormentas.com\/wp-content\/uploads\/2025\/09\/pablolopez2.jpeg 1140w\" sizes=\"(max-width: 1024px) 100vw, 1024px\" \/><\/figure>\n\n\n\n<p>Las MLB estableci\u00f3 el D\u00eda de Roberto Clemente en 2002, para honrar el legado humanitario del fallecido miembro del Sal\u00f3n de la Fama, conocido como el Cometa de Carolina.<\/p>\n\n\n\n<p>L\u00f3pez, de 29 a\u00f1os de edad, es candidato por tercera vez en su carrera, tras recibir esa prerrogativa en 2024 y 2022, cuando vest\u00eda el uniforme de los Marlins de Miami.<\/p>\n\n\n\n<p>En el perfil del venezolano para su candidatura reza: \u201cLos ni\u00f1os siempre son el centro de la filantrop\u00eda de L\u00f3pez. Su continuo apoyo a los hospitales infantiles locales se inspira en sus difuntos padres, ambos m\u00e9dicos. Durante los \u00faltimos tres a\u00f1os, ha acompa\u00f1ado a estudiantes de bajos recursos a hacer las compras de regreso a clases para asegurar que tengan los \u00fatiles escolares necesarios para el \u00e9xito. L\u00f3pez visita las clases de preparatoria local cada primavera para ayudar a los estudiantes a practicar sus habilidades de conversaci\u00f3n en idiomas extranjeros. Este a\u00f1o, L\u00f3pez organiz\u00f3 y financi\u00f3 un evento de donaci\u00f3n de \u00fatiles escolares y apoya desde hace tiempo al Fondo Comunitario Twins y sus programas de desarrollo juvenil\u201d.<\/p>\n\n\n\n<p><strong>LOS 30 NOMINADOS<br>LIGA AMERICANA<\/strong><br>Angelinos: Logan O\u2019Hoppe*<\/p>\n\n\n\n<p>Atl\u00e9ticos: Lawrence Butler*<\/p>\n\n\n\n<p>Astros: Josh Hader*<\/p>\n\n\n\n<p>Azulejos: Jos\u00e9 Berr\u00edos*<\/p>\n\n\n\n<p>Guardianes: Bo Naylor*<\/p>\n\n\n\n<p>Marineros: J.P. Crawford<\/p>\n\n\n\n<p>Medias Blancas: Mike Tauchman*<\/p>\n\n\n\n<p>Medias Rojas: Liam Hendriks<\/p>\n\n\n\n<p>Mellizos: Pablo L\u00f3pez<\/p>\n\n\n\n<p>Orioles: Jordan Westburg*<\/p>\n\n\n\n<p>Rangers:Corey Seager*<\/p>\n\n\n\n<p>Rays: Pete Fairbanks*<\/p>\n\n\n\n<p>Reales: Bobby Witt Jr.*<\/p>\n\n\n\n<p>Tigres: Tarik Skubal<\/p>\n\n\n\n<p>Yanquis: Carlos Rod\u00f3n*<\/p>\n\n\n\n<p><strong>LIGA NACIONAL<\/strong><br>Bravos: Spencer Strider*<\/p>\n\n\n\n<p>Cachorros: Kyle Tucker<\/p>\n\n\n\n<p>Cardenales: Brendan Donovan*<\/p>\n\n\n\n<p>Cerveceros: Sal Frelick*<\/p>\n\n\n\n<p>Diamondbacks: Corbin Carroll*<\/p>\n\n\n\n<p>Dodgers: Mookie Betts<\/p>\n\n\n\n<p>Filis: Aaron Nola<\/p>\n\n\n\n<p>Gigantes: Ryan Walker*<\/p>\n\n\n\n<p>Marlins: Griffin Conine*<\/p>\n\n\n\n<p>Mets: Francisco Lindor<\/p>\n\n\n\n<p>Nacionales: Trevor Williams*<\/p>\n\n\n\n<p>Padres: Joe Musgrove<\/p>\n\n\n\n<p>Piratas: Paul Skenes*<\/p>\n\n\n\n<p>Rockies: Kyle Freeland<\/p>\n\n\n\n<p>Rojos: Brent Suter<\/p>\n\n\n\n<p><strong>*=Nominado por primera vez<\/strong><br><strong><em>ET \/ Agencias<\/em><\/strong><\/p>\n\n\n\n<p><\/p>\n","protected":false},"excerpt":{"rendered":"<p>ENTRE TORMENTAS. Las Grandes Ligas anunciaron el lunes sus planes para 2025 de celebrar el&#8230;<\/p>\n","protected":false},"author":2,"featured_media":22038,"comment_status":"closed","ping_status":"open","sticky":false,"template":"","format":"standard","meta":{"footnotes":""},"categories":[53,56],"tags":[],"class_list":["post-22036","post","type-post","status-publish","format-standard","has-post-thumbnail","hentry","category-deportes","category-destacadas"],"_links":{"self":[{"href":"https:\/\/entretormentas.com\/index.php?rest_route=\/wp\/v2\/posts\/22036","targetHints":{"allow":["GET"]}}],"collection":[{"href":"https:\/\/entretormentas.com\/index.php?rest_route=\/wp\/v2\/posts"}],"about":[{"href":"https:\/\/entretormentas.com\/index.php?rest_route=\/wp\/v2\/types\/post"}],"author":[{"embeddable":true,"href":"https:\/\/entretormentas.com\/index.php?rest_route=\/wp\/v2\/users\/2"}],"replies":[{"embeddable":true,"href":"https:\/\/entretormentas.com\/index.php?rest_route=%2Fwp%2Fv2%2Fcomments&post=22036"}],"version-history":[{"count":1,"href":"https:\/\/entretormentas.com\/index.php?rest_route=\/wp\/v2\/posts\/22036\/revisions"}],"predecessor-version":[{"id":22039,"href":"https:\/\/entretormentas.com\/index.php?rest_route=\/wp\/v2\/posts\/22036\/revisions\/22039"}],"wp:featuredmedia":[{"embeddable":true,"href":"https:\/\/entretormentas.com\/index.php?rest_route=\/wp\/v2\/media\/22038"}],"wp:attachment":[{"href":"https:\/\/entretormentas.com\/index.php?rest_route=%2Fwp%2Fv2%2Fmedia&parent=22036"}],"wp:term":[{"taxonomy":"category","embeddable":true,"href":"https:\/\/entretormentas.com\/index.php?rest_route=%2Fwp%2Fv2%2Fcategories&post=22036"},{"taxonomy":"post_tag","embeddable":true,"href":"https:\/\/entretormentas.com\/index.php?rest_route=%2Fwp%2Fv2%2Ftags&post=22036"}],"curies":[{"name":"wp","href":"https:\/\/api.w.org\/{rel}","templated":true}]}}