{"id":22041,"date":"2025-09-19T04:13:47","date_gmt":"2025-09-19T08:13:47","guid":{"rendered":"https:\/\/entretormentas.com\/?p=22041"},"modified":"2025-09-19T04:13:47","modified_gmt":"2025-09-19T08:13:47","slug":"a-traves-de-sol-93-1-fm-raul-fernandez-se-reencuentra-con-la-radio-a-traves-de-su-nuevo-programa-en-contacto","status":"publish","type":"post","link":"https:\/\/entretormentas.com\/a-traves-de-sol-93-1-fm-raul-fernandez-se-reencuentra-con-la-radio-a-traves-de-su-nuevo-programa-en-contacto\/","title":{"rendered":"\u00a1A TRAV\u00c9S DE SOL 93.1 FM! Ra\u00fal Fern\u00e1ndez se reencuentra con la radio a trav\u00e9s de su nuevo programa \u00abEn Contacto\u00bb"},"content":{"rendered":"\n<p><strong>ENTRE TORMENTAS.<\/strong> Despu\u00e9s de consolidarse en el gusto de los oyentes de la radio zuliana durante ocho a\u00f1os, a trav\u00e9s su recordado programa \u00abGaita entre 2\u00bb, Ra\u00fal Ernesto Fern\u00e1ndez M\u00e9ndez, decide asumir el reto de presentar un formato y estilo diferente como parte de un nuevo proyecto comunicacional que desde el reciente 15 de septiembre ha comenzado a calar en el gusto de los zulianos.<\/p>\n\n\n\n<figure class=\"wp-block-image size-full\"><img fetchpriority=\"high\" decoding=\"async\" width=\"584\" height=\"746\" src=\"https:\/\/entretormentas.com\/wp-content\/uploads\/2025\/09\/raul2.jpeg\" alt=\"\" class=\"wp-image-22042\" srcset=\"https:\/\/entretormentas.com\/wp-content\/uploads\/2025\/09\/raul2.jpeg 584w, https:\/\/entretormentas.com\/wp-content\/uploads\/2025\/09\/raul2-235x300.jpeg 235w\" sizes=\"(max-width: 584px) 100vw, 584px\" \/><\/figure>\n\n\n\n<p>\u00abEn Contacto\u00bb es el nombre del programa producido y conducido por el locutor, gaitero y cultor popular, Ra\u00fal Fern\u00e1ndez, el cual se transmite de lunes a viernes de 8:00 a 9:00 am a trav\u00e9s de la potente se\u00f1al de Sol 91.3 FM, adem\u00e1s de su plataforma en vivo de Tiktok @soyraulernesto.<\/p>\n\n\n\n<p>En este innovador programa los oyentes, principalmente sanfranciscanos, podr\u00e1n disfrutar de una variedad musical, talento nacional y m\u00fasica para todos los gustos; pero siempre con un espacio para resaltar la gaita zuliana, mezclando lo musical, con entrevistas desde la cabina de la estaci\u00f3n e interacci\u00f3n con los oyentes.<\/p>\n\n\n\n<figure class=\"wp-block-image size-large\"><img decoding=\"async\" width=\"617\" height=\"1024\" src=\"https:\/\/entretormentas.com\/wp-content\/uploads\/2025\/09\/raul3-617x1024.jpeg\" alt=\"\" class=\"wp-image-22043\" srcset=\"https:\/\/entretormentas.com\/wp-content\/uploads\/2025\/09\/raul3-617x1024.jpeg 617w, https:\/\/entretormentas.com\/wp-content\/uploads\/2025\/09\/raul3-181x300.jpeg 181w, https:\/\/entretormentas.com\/wp-content\/uploads\/2025\/09\/raul3.jpeg 720w\" sizes=\"(max-width: 617px) 100vw, 617px\" \/><\/figure>\n\n\n\n<p>Finalmente, Ra\u00fal Fern\u00e1ndez manifest\u00f3 con entusiasmo y alegr\u00eda que vienen otros proyectos como la creaci\u00f3n de un podcast, con entrevistas a todo tipo de personajes de la vida social, mezclado con su programa radial.<br><strong><em>ET \/ Gabriel Sthormes<\/em><\/strong><\/p>\n","protected":false},"excerpt":{"rendered":"<p>ENTRE TORMENTAS. Despu\u00e9s de consolidarse en el gusto de los oyentes de la radio zuliana&#8230;<\/p>\n","protected":false},"author":2,"featured_media":22044,"comment_status":"closed","ping_status":"open","sticky":false,"template":"","format":"standard","meta":{"footnotes":""},"categories":[57,54],"tags":[],"class_list":["post-22041","post","type-post","status-publish","format-standard","has-post-thumbnail","hentry","category-actualidad","category-espectaculos"],"_links":{"self":[{"href":"https:\/\/entretormentas.com\/index.php?rest_route=\/wp\/v2\/posts\/22041","targetHints":{"allow":["GET"]}}],"collection":[{"href":"https:\/\/entretormentas.com\/index.php?rest_route=\/wp\/v2\/posts"}],"about":[{"href":"https:\/\/entretormentas.com\/index.php?rest_route=\/wp\/v2\/types\/post"}],"author":[{"embeddable":true,"href":"https:\/\/entretormentas.com\/index.php?rest_route=\/wp\/v2\/users\/2"}],"replies":[{"embeddable":true,"href":"https:\/\/entretormentas.com\/index.php?rest_route=%2Fwp%2Fv2%2Fcomments&post=22041"}],"version-history":[{"count":1,"href":"https:\/\/entretormentas.com\/index.php?rest_route=\/wp\/v2\/posts\/22041\/revisions"}],"predecessor-version":[{"id":22045,"href":"https:\/\/entretormentas.com\/index.php?rest_route=\/wp\/v2\/posts\/22041\/revisions\/22045"}],"wp:featuredmedia":[{"embeddable":true,"href":"https:\/\/entretormentas.com\/index.php?rest_route=\/wp\/v2\/media\/22044"}],"wp:attachment":[{"href":"https:\/\/entretormentas.com\/index.php?rest_route=%2Fwp%2Fv2%2Fmedia&parent=22041"}],"wp:term":[{"taxonomy":"category","embeddable":true,"href":"https:\/\/entretormentas.com\/index.php?rest_route=%2Fwp%2Fv2%2Fcategories&post=22041"},{"taxonomy":"post_tag","embeddable":true,"href":"https:\/\/entretormentas.com\/index.php?rest_route=%2Fwp%2Fv2%2Ftags&post=22041"}],"curies":[{"name":"wp","href":"https:\/\/api.w.org\/{rel}","templated":true}]}}