{"id":22066,"date":"2025-09-19T04:31:36","date_gmt":"2025-09-19T08:31:36","guid":{"rendered":"https:\/\/entretormentas.com\/?p=22066"},"modified":"2025-09-19T04:31:37","modified_gmt":"2025-09-19T08:31:37","slug":"obra-esperada-alcaldia-surena-ultima-detalles-para-la-rehabilitacion-integral-de-la-via-a-la-canada","status":"publish","type":"post","link":"https:\/\/entretormentas.com\/obra-esperada-alcaldia-surena-ultima-detalles-para-la-rehabilitacion-integral-de-la-via-a-la-canada\/","title":{"rendered":"\u00a1OBRA ESPERADA! Alcald\u00eda sure\u00f1a ultima detalles para la rehabilitaci\u00f3n integral de la v\u00eda a La Ca\u00f1ada"},"content":{"rendered":"\n<p><strong>ENTRE TORMENTAS.<\/strong> La Alcald\u00eda de San Francisco, liderada por el alcalde H\u00e9ctor Soto, avanza en la recuperaci\u00f3n vial del municipio, con el objetivo de fortalecer la infraestructura de la ciudad a trav\u00e9s del \u00abPlan Cayapa Integral para los Servicios P\u00fablicos\u00bb, ejecutando trabajos de reasfaltado, iluminaci\u00f3n, instalaci\u00f3n de tachas reflectivas, pintura de brocales, demarcaci\u00f3n, ornato y se\u00f1alizaci\u00f3n en la Avenida 48 v\u00eda a La Ca\u00f1ada.<\/p>\n\n\n\n<p>A lo largo de esta importante arteria vial se han reemplazado m\u00e1s de 140 luminarias, se rehabilitaron ocho sem\u00e1foros con su respectiva identificaci\u00f3n, y se colocaron tachas lum\u00ednicas para reforzar la seguridad nocturna. Tambi\u00e9n se complet\u00f3 la demarcaci\u00f3n hasta el sem\u00e1foro de entrada a Ciudad del Sol y se renov\u00f3 el cableado del alumbrado.<\/p>\n\n\n\n<figure class=\"wp-block-image size-large\"><img fetchpriority=\"high\" decoding=\"async\" width=\"1024\" height=\"682\" src=\"https:\/\/entretormentas.com\/wp-content\/uploads\/2025\/09\/vialacanada3-1024x682.jpeg\" alt=\"\" class=\"wp-image-22067\" srcset=\"https:\/\/entretormentas.com\/wp-content\/uploads\/2025\/09\/vialacanada3-1024x682.jpeg 1024w, https:\/\/entretormentas.com\/wp-content\/uploads\/2025\/09\/vialacanada3-300x200.jpeg 300w, https:\/\/entretormentas.com\/wp-content\/uploads\/2025\/09\/vialacanada3-768x511.jpeg 768w, https:\/\/entretormentas.com\/wp-content\/uploads\/2025\/09\/vialacanada3.jpeg 1080w\" sizes=\"(max-width: 1024px) 100vw, 1024px\" \/><\/figure>\n\n\n\n<p>En materia de ornato, se instalaron 94 materos con plantas ornamentales, entre las cuales se sembraron 17 b\u00facaros junto a 180 trinitarias en las cercan\u00edas del km 4, contribuyendo a un entorno m\u00e1s agradable y respetuoso con el ambiente. Estas acciones se alinean con los principios de la segunda y sexta transformaciones de la patria.<\/p>\n\n\n\n<p>Adem\u00e1s, en la entrada de Bilicuin se aplicaron 800 toneladas de asfalto, lo que representa un avance del 98% consolidando una superficie de tr\u00e1nsito \u00f3ptima para veh\u00edculos y peatones. La Av. 48 se prepara para ser entregada como un espacio renovado, seguro y digno para toda la comunidad sanfranciscana.<br><strong><em>ET \/ Prensa Alcald\u00eda de San Francisco<\/em><\/strong><\/p>\n","protected":false},"excerpt":{"rendered":"<p>ENTRE TORMENTAS. La Alcald\u00eda de San Francisco, liderada por el alcalde H\u00e9ctor Soto, avanza en&#8230;<\/p>\n","protected":false},"author":2,"featured_media":22068,"comment_status":"closed","ping_status":"open","sticky":false,"template":"","format":"standard","meta":{"footnotes":""},"categories":[57,1],"tags":[],"class_list":["post-22066","post","type-post","status-publish","format-standard","has-post-thumbnail","hentry","category-actualidad","category-regionales"],"_links":{"self":[{"href":"https:\/\/entretormentas.com\/index.php?rest_route=\/wp\/v2\/posts\/22066","targetHints":{"allow":["GET"]}}],"collection":[{"href":"https:\/\/entretormentas.com\/index.php?rest_route=\/wp\/v2\/posts"}],"about":[{"href":"https:\/\/entretormentas.com\/index.php?rest_route=\/wp\/v2\/types\/post"}],"author":[{"embeddable":true,"href":"https:\/\/entretormentas.com\/index.php?rest_route=\/wp\/v2\/users\/2"}],"replies":[{"embeddable":true,"href":"https:\/\/entretormentas.com\/index.php?rest_route=%2Fwp%2Fv2%2Fcomments&post=22066"}],"version-history":[{"count":1,"href":"https:\/\/entretormentas.com\/index.php?rest_route=\/wp\/v2\/posts\/22066\/revisions"}],"predecessor-version":[{"id":22069,"href":"https:\/\/entretormentas.com\/index.php?rest_route=\/wp\/v2\/posts\/22066\/revisions\/22069"}],"wp:featuredmedia":[{"embeddable":true,"href":"https:\/\/entretormentas.com\/index.php?rest_route=\/wp\/v2\/media\/22068"}],"wp:attachment":[{"href":"https:\/\/entretormentas.com\/index.php?rest_route=%2Fwp%2Fv2%2Fmedia&parent=22066"}],"wp:term":[{"taxonomy":"category","embeddable":true,"href":"https:\/\/entretormentas.com\/index.php?rest_route=%2Fwp%2Fv2%2Fcategories&post=22066"},{"taxonomy":"post_tag","embeddable":true,"href":"https:\/\/entretormentas.com\/index.php?rest_route=%2Fwp%2Fv2%2Ftags&post=22066"}],"curies":[{"name":"wp","href":"https:\/\/api.w.org\/{rel}","templated":true}]}}