{"id":22070,"date":"2025-09-19T04:35:11","date_gmt":"2025-09-19T08:35:11","guid":{"rendered":"https:\/\/entretormentas.com\/?p=22070"},"modified":"2025-09-19T04:35:12","modified_gmt":"2025-09-19T08:35:12","slug":"juramentados-nuevos-servidores-basilica-santuario-de-chiquinquira-estrenara-nuevo-sonido-el-18-oct","status":"publish","type":"post","link":"https:\/\/entretormentas.com\/juramentados-nuevos-servidores-basilica-santuario-de-chiquinquira-estrenara-nuevo-sonido-el-18-oct\/","title":{"rendered":"\u00a1JURAMENTADOS NUEVOS SERVIDORES! Bas\u00edlica Santuario de Chiquinquir\u00e1 estrenar\u00e1 nuevo sonido el 18-Oct"},"content":{"rendered":"\n<p><strong>ENTRE TORMENTAS. <\/strong>Durante la Eucarist\u00eda de Homenaje Mensual Chiquinquire\u00f1o y juramentaci\u00f3n de nuevos integrantes de la Sociedad Religiosa Servidores de Mar\u00eda, secci\u00f3n Infantil \u2013 Juvenil, fue firmado el convenio para la adquisici\u00f3n e instalaci\u00f3n de los nuevos equipos de sonido internos de la Bas\u00edlica Santuario de Nuestra Se\u00f1ora de Chiquinquir\u00e1, parroquia San Juan de Dios, por el P\u00e1rroco \u2013 Rector, presb\u00edtero Nedward Andrade, el gobernador del estado Zulia Luis Caldera y Miguel Teixeira, representante de la empresa privada Campanario Latam.<\/p>\n\n\n\n<p>El padre Nedward Andrade, manifest\u00f3 su agradecimiento a Dios, a la Virgen Mar\u00eda en la advocaci\u00f3n de Chiquinquir\u00e1 y a San Antonio, al gobierno nacional y regional, por la firma de este convenio que permitir\u00e1 que la Bas\u00edlica Santuario cuente con un sistema de audio especializado para el templo y que los feligreses que asistan a misa la puedan escuchar claramente en cualquier punto en el que se encuentren, incluyendo toda la plazoleta.<\/p>\n\n\n\n<figure class=\"wp-block-image size-large\"><img fetchpriority=\"high\" decoding=\"async\" width=\"1024\" height=\"682\" src=\"https:\/\/entretormentas.com\/wp-content\/uploads\/2025\/09\/sonido2-1024x682.jpeg\" alt=\"\" class=\"wp-image-22071\" srcset=\"https:\/\/entretormentas.com\/wp-content\/uploads\/2025\/09\/sonido2-1024x682.jpeg 1024w, https:\/\/entretormentas.com\/wp-content\/uploads\/2025\/09\/sonido2-300x200.jpeg 300w, https:\/\/entretormentas.com\/wp-content\/uploads\/2025\/09\/sonido2-768x512.jpeg 768w, https:\/\/entretormentas.com\/wp-content\/uploads\/2025\/09\/sonido2.jpeg 1280w\" sizes=\"(max-width: 1024px) 100vw, 1024px\" \/><\/figure>\n\n\n\n<p>\u201cEn los inicios de nuestra Fiestas Patronales 2025, que como saben tienen como lema: Con Chiquinquir\u00e1 adoremos a Jes\u00fas, fuente de toda santidad, hoy de manera especial en el mes de septiembre, damos gracias a Dios porque hoy se consolida, el nuevo sonido, totalmente moderno, con tecnolog\u00eda de punta para nuestra Bas\u00edlica Santuario, para este templo casa de todos\u201d.<\/p>\n\n\n\n<p>Con la instalaci\u00f3n de este nuevo sistema de sonido, ser\u00e1 cubierto el templo en su totalidad, es decir, las naves, el presbiterio, la renovaci\u00f3n del campanario y tambi\u00e9n el reloj, que ser\u00e1 completamente digitalizado y a la vanguardia de la tecnolog\u00eda.<\/p>\n\n\n\n<p>Asimismo, el gobernador del estado Zulia, ingeniero Luis Caldera, asegur\u00f3 que con esta firma se concreta el nuevo sonido interno, externo, campanarios y la digitalizaci\u00f3n de los relojes, como parte de este trabajo en equipo para consolidar la fe, la devoci\u00f3n, el encuentro y la paz en el pueblo del Zulia.<\/p>\n\n\n\n<p>\u201cEn estas primeras fiestas patronales que nos toca asumir como gobernaci\u00f3n, que el centro sea Dios, Jes\u00fas y la Chinita, que sea la fe, por eso las actividades ser\u00e1n religiosas, culturales y art\u00edsticas en estricta coordinaci\u00f3n con nuestra Arquidi\u00f3cesis de Maracaibo y con esta parroquia eclesi\u00e1stica para promover los valores de la santidad, el encuentro y defender la familia centro de la sociedad\u201d, afirm\u00f3 el mandatario regional.<\/p>\n\n\n\n<figure class=\"wp-block-image size-large\"><img decoding=\"async\" width=\"1024\" height=\"682\" src=\"https:\/\/entretormentas.com\/wp-content\/uploads\/2025\/09\/sonido3-1024x682.jpeg\" alt=\"\" class=\"wp-image-22072\" srcset=\"https:\/\/entretormentas.com\/wp-content\/uploads\/2025\/09\/sonido3-1024x682.jpeg 1024w, https:\/\/entretormentas.com\/wp-content\/uploads\/2025\/09\/sonido3-300x200.jpeg 300w, https:\/\/entretormentas.com\/wp-content\/uploads\/2025\/09\/sonido3-768x512.jpeg 768w, https:\/\/entretormentas.com\/wp-content\/uploads\/2025\/09\/sonido3.jpeg 1280w\" sizes=\"(max-width: 1024px) 100vw, 1024px\" \/><\/figure>\n\n\n\n<p>La firma de este contrato emocion\u00f3 a los integrantes de los grupos de apostolado y cofrad\u00edas que hacen vida en la bas\u00edlica Santuario, que acompa\u00f1aron a los 74 ni\u00f1os y j\u00f3venes que fueron juramentados durante la Eucarist\u00eda de este jueves 18 de septiembre, como nuevos integrantes de la Sociedad Religiosa Servidores de Mar\u00eda, secci\u00f3n Infantil Juvenil.<\/p>\n\n\n\n<p>Entre las pr\u00f3ximas actividades a realizarse en la parroquia San Juan de Dios, est\u00e1 el D\u00e9cimo Segundo Potazo Chiquinquire\u00f1o el 26 y 27 de septiembre, la juramentaci\u00f3n de los nuevos Servidores de Mar\u00eda el pr\u00f3ximo 18 de octubre y la acostumbrada rueda de prensa en la que se dar\u00e1n detalles sobre el inicio de las Fiesta Patronales en honor a nuestra Se\u00f1ora de Chiquinquir\u00e1.<\/p>\n\n\n\n<p>\u201cCon Chiquinquir\u00e1 adoremos a Jes\u00fas, fuente de toda santidad\u201d<br><strong><em>ET \/ Prensa Bas\u00edlica Chinita<\/em><\/strong><\/p>\n\n\n\n<p><\/p>\n","protected":false},"excerpt":{"rendered":"<p>ENTRE TORMENTAS. Durante la Eucarist\u00eda de Homenaje Mensual Chiquinquire\u00f1o y juramentaci\u00f3n de nuevos integrantes de&#8230;<\/p>\n","protected":false},"author":2,"featured_media":22073,"comment_status":"closed","ping_status":"open","sticky":false,"template":"","format":"standard","meta":{"footnotes":""},"categories":[57,1],"tags":[],"class_list":["post-22070","post","type-post","status-publish","format-standard","has-post-thumbnail","hentry","category-actualidad","category-regionales"],"_links":{"self":[{"href":"https:\/\/entretormentas.com\/index.php?rest_route=\/wp\/v2\/posts\/22070","targetHints":{"allow":["GET"]}}],"collection":[{"href":"https:\/\/entretormentas.com\/index.php?rest_route=\/wp\/v2\/posts"}],"about":[{"href":"https:\/\/entretormentas.com\/index.php?rest_route=\/wp\/v2\/types\/post"}],"author":[{"embeddable":true,"href":"https:\/\/entretormentas.com\/index.php?rest_route=\/wp\/v2\/users\/2"}],"replies":[{"embeddable":true,"href":"https:\/\/entretormentas.com\/index.php?rest_route=%2Fwp%2Fv2%2Fcomments&post=22070"}],"version-history":[{"count":1,"href":"https:\/\/entretormentas.com\/index.php?rest_route=\/wp\/v2\/posts\/22070\/revisions"}],"predecessor-version":[{"id":22074,"href":"https:\/\/entretormentas.com\/index.php?rest_route=\/wp\/v2\/posts\/22070\/revisions\/22074"}],"wp:featuredmedia":[{"embeddable":true,"href":"https:\/\/entretormentas.com\/index.php?rest_route=\/wp\/v2\/media\/22073"}],"wp:attachment":[{"href":"https:\/\/entretormentas.com\/index.php?rest_route=%2Fwp%2Fv2%2Fmedia&parent=22070"}],"wp:term":[{"taxonomy":"category","embeddable":true,"href":"https:\/\/entretormentas.com\/index.php?rest_route=%2Fwp%2Fv2%2Fcategories&post=22070"},{"taxonomy":"post_tag","embeddable":true,"href":"https:\/\/entretormentas.com\/index.php?rest_route=%2Fwp%2Fv2%2Ftags&post=22070"}],"curies":[{"name":"wp","href":"https:\/\/api.w.org\/{rel}","templated":true}]}}