{"id":22079,"date":"2025-09-19T04:41:43","date_gmt":"2025-09-19T08:41:43","guid":{"rendered":"https:\/\/entretormentas.com\/?p=22079"},"modified":"2025-09-19T04:41:44","modified_gmt":"2025-09-19T08:41:44","slug":"alcalde-di-martino-la-feria-de-la-chinita-generara-tres-mil-empleos-y-atraera-a-mas-de-un-millon-de-visitantes","status":"publish","type":"post","link":"https:\/\/entretormentas.com\/alcalde-di-martino-la-feria-de-la-chinita-generara-tres-mil-empleos-y-atraera-a-mas-de-un-millon-de-visitantes\/","title":{"rendered":"ALCALDE DI MARTINO: \u201cLa Feria de la Chinita generar\u00e1 tres mil empleos y atraer\u00e1 a m\u00e1s de un mill\u00f3n de visitantes\u201d"},"content":{"rendered":"\n<p><strong>ENTRE TORMENTAS.<\/strong> Maracaibo se prepara para vivir una de las celebraciones culturales y religiosas m\u00e1s importantes del pa\u00eds: la Feria de la Virgen de Chiquinquir\u00e1. El alcalde Gian Carlo Di Martino, acompa\u00f1ado por Omar Enrique, presidente del Comit\u00e9 de Feria, anunci\u00f3 este jueves 18 de septiembre los detalles de la programaci\u00f3n organizada por la Alcald\u00eda de Maracaibo.<\/p>\n\n\n\n<p>Seg\u00fan el mandatario municipal, se espera la visita de m\u00e1s de un mill\u00f3n de personas y la participaci\u00f3n de 100 artistas regionales, nacionales e internacionales. Adem\u00e1s, destac\u00f3 que el evento generar\u00e1 tres mil empleos directos, dinamizando el comercio, la econom\u00eda formal y la industria de la ciudad.<\/p>\n\n\n\n<figure class=\"wp-block-image size-full\"><img fetchpriority=\"high\" decoding=\"async\" width=\"893\" height=\"511\" src=\"https:\/\/entretormentas.com\/wp-content\/uploads\/2025\/09\/feriachi2.jpeg\" alt=\"\" class=\"wp-image-22080\" srcset=\"https:\/\/entretormentas.com\/wp-content\/uploads\/2025\/09\/feriachi2.jpeg 893w, https:\/\/entretormentas.com\/wp-content\/uploads\/2025\/09\/feriachi2-300x172.jpeg 300w, https:\/\/entretormentas.com\/wp-content\/uploads\/2025\/09\/feriachi2-768x439.jpeg 768w\" sizes=\"(max-width: 893px) 100vw, 893px\" \/><\/figure>\n\n\n\n<p>\u201cLa Feria de la Chinita es un evento estudiado y medido por el entusiasmo de nuestra gente. Como anfitriones debemos estar a la altura, y estoy seguro de que lo vamos a lograr\u201d, expres\u00f3 Di Martino.<\/p>\n\n\n\n<p>El alcalde tambi\u00e9n resalt\u00f3 el crecimiento de las inversiones en Maracaibo y asegur\u00f3 que la ciudad \u201cvislumbra un futuro pr\u00f3spero\u201d gracias al inter\u00e9s de nuevos inversionistas que cuentan con apoyo institucional.<\/p>\n\n\n\n<p>\u201cEn estos d\u00edas he estado evaluando las \u00faltimas inversiones que se est\u00e1n haciendo en Maracaibo, y puedo decir que vislumbro una ciudad pr\u00f3spera en los pr\u00f3ximos a\u00f1os. Est\u00e1n llegando inversionistas, les estamos abriendo las puertas, y los estoy atendiendo personalmente\u201d.<\/p>\n\n\n\n<p><strong>CRONOGRAMA DE ACTIVIDADES<\/strong><br>21 de septiembre: concentraci\u00f3n espiritual por la paz en la Vereda del Lago, en el marco del D\u00eda Mundial de la Paz.<\/p>\n\n\n\n<figure class=\"wp-block-image size-large\"><img decoding=\"async\" width=\"683\" height=\"1024\" src=\"https:\/\/entretormentas.com\/wp-content\/uploads\/2025\/09\/feriachi3-683x1024.jpeg\" alt=\"\" class=\"wp-image-22081\" srcset=\"https:\/\/entretormentas.com\/wp-content\/uploads\/2025\/09\/feriachi3-683x1024.jpeg 683w, https:\/\/entretormentas.com\/wp-content\/uploads\/2025\/09\/feriachi3-200x300.jpeg 200w, https:\/\/entretormentas.com\/wp-content\/uploads\/2025\/09\/feriachi3.jpeg 720w\" sizes=\"(max-width: 683px) 100vw, 683px\" \/><\/figure>\n\n\n\n<p>1 de octubre: encendido navide\u00f1o y espect\u00e1culo de gaitas en la Plaza de la Rep\u00fablica, en cumplimiento del decreto presidencial que marca el inicio de la Navidad en Venezuela.<\/p>\n\n\n\n<p>19 de octubre: conmemoraci\u00f3n de la canonizaci\u00f3n de los dos primeros santos venezolanos con la inauguraci\u00f3n de la plaza Jos\u00e9 Gregorio Hern\u00e1ndez y Carmen Rendiles.<\/p>\n\n\n\n<p>Finalmente, Di Martino reiter\u00f3 que, pese a las dificultades actuales, el compromiso es claro: \u201cgesti\u00f3n, trabajo y confianza para seguir impulsando a Maracaibo como una ciudad de oportunidades\u201d.<br><strong><em>ET \/ Prensa Alcald\u00eda de Maracaibo<\/em><\/strong><\/p>\n\n\n\n<p><\/p>\n","protected":false},"excerpt":{"rendered":"<p>ENTRE TORMENTAS. Maracaibo se prepara para vivir una de las celebraciones culturales y religiosas m\u00e1s&#8230;<\/p>\n","protected":false},"author":2,"featured_media":22082,"comment_status":"closed","ping_status":"open","sticky":false,"template":"","format":"standard","meta":{"footnotes":""},"categories":[56,1],"tags":[],"class_list":["post-22079","post","type-post","status-publish","format-standard","has-post-thumbnail","hentry","category-destacadas","category-regionales"],"_links":{"self":[{"href":"https:\/\/entretormentas.com\/index.php?rest_route=\/wp\/v2\/posts\/22079","targetHints":{"allow":["GET"]}}],"collection":[{"href":"https:\/\/entretormentas.com\/index.php?rest_route=\/wp\/v2\/posts"}],"about":[{"href":"https:\/\/entretormentas.com\/index.php?rest_route=\/wp\/v2\/types\/post"}],"author":[{"embeddable":true,"href":"https:\/\/entretormentas.com\/index.php?rest_route=\/wp\/v2\/users\/2"}],"replies":[{"embeddable":true,"href":"https:\/\/entretormentas.com\/index.php?rest_route=%2Fwp%2Fv2%2Fcomments&post=22079"}],"version-history":[{"count":1,"href":"https:\/\/entretormentas.com\/index.php?rest_route=\/wp\/v2\/posts\/22079\/revisions"}],"predecessor-version":[{"id":22083,"href":"https:\/\/entretormentas.com\/index.php?rest_route=\/wp\/v2\/posts\/22079\/revisions\/22083"}],"wp:featuredmedia":[{"embeddable":true,"href":"https:\/\/entretormentas.com\/index.php?rest_route=\/wp\/v2\/media\/22082"}],"wp:attachment":[{"href":"https:\/\/entretormentas.com\/index.php?rest_route=%2Fwp%2Fv2%2Fmedia&parent=22079"}],"wp:term":[{"taxonomy":"category","embeddable":true,"href":"https:\/\/entretormentas.com\/index.php?rest_route=%2Fwp%2Fv2%2Fcategories&post=22079"},{"taxonomy":"post_tag","embeddable":true,"href":"https:\/\/entretormentas.com\/index.php?rest_route=%2Fwp%2Fv2%2Ftags&post=22079"}],"curies":[{"name":"wp","href":"https:\/\/api.w.org\/{rel}","templated":true}]}}