{"id":22089,"date":"2025-09-19T04:49:29","date_gmt":"2025-09-19T08:49:29","guid":{"rendered":"https:\/\/entretormentas.com\/?p=22089"},"modified":"2025-09-19T04:49:30","modified_gmt":"2025-09-19T08:49:30","slug":"haran-plaza-en-honor-a-los-dos-santos-venezolanos-alcaldia-de-maracaibo-instalara-semaforos-inteligentes-la-proxima-semana","status":"publish","type":"post","link":"https:\/\/entretormentas.com\/haran-plaza-en-honor-a-los-dos-santos-venezolanos-alcaldia-de-maracaibo-instalara-semaforos-inteligentes-la-proxima-semana\/","title":{"rendered":"\u00a1HAR\u00c1N PLAZA EN HONOR A LOS DOS SANTOS VENEZOLANOS! Alcald\u00eda de Maracaibo instalar\u00e1 sem\u00e1foros inteligentes la pr\u00f3xima semana"},"content":{"rendered":"\n<p><strong>ENTRE TORMENTAS. <\/strong>\u201cA partir de la pr\u00f3xima semana se empiezan a colocar los sem\u00e1foros inteligentes en Maracaibo\u201d, anunci\u00f3 el alcalde Giancarlo Di Martino.<\/p>\n\n\n\n<p>Este proceso de semaforizaci\u00f3n, explic\u00f3 el alcalde, lo emprender\u00e1 la Alcald\u00eda en respuesta a las exigencias de los ciudadanos, que reclaman orden en el tr\u00e1nsito y piden a la municipalidad tomar medidas para reducir los \u00edndices de accidentes viales.<\/p>\n\n\n\n<p>\u201cUna de las cosas que m\u00e1s me impresiona, pero tambi\u00e9n me gusta, es que la gente se ha vuelto exigente en este \u00faltimo mes. \u00abHay un despertar. Y yo he hablado de esa exigencia, no importa de d\u00f3nde venga. Y nosotros vamos al ritmo de esa exigencia\u201d, indic\u00f3 Di Martino.<\/p>\n\n\n\n<figure class=\"wp-block-image size-full\"><img fetchpriority=\"high\" decoding=\"async\" width=\"1280\" height=\"720\" src=\"https:\/\/entretormentas.com\/wp-content\/uploads\/2025\/09\/otrodi3.jpeg\" alt=\"\" class=\"wp-image-22091\" srcset=\"https:\/\/entretormentas.com\/wp-content\/uploads\/2025\/09\/otrodi3.jpeg 1280w, https:\/\/entretormentas.com\/wp-content\/uploads\/2025\/09\/otrodi3-300x169.jpeg 300w, https:\/\/entretormentas.com\/wp-content\/uploads\/2025\/09\/otrodi3-1024x576.jpeg 1024w, https:\/\/entretormentas.com\/wp-content\/uploads\/2025\/09\/otrodi3-768x432.jpeg 768w\" sizes=\"(max-width: 1280px) 100vw, 1280px\" \/><\/figure>\n\n\n\n<p>El alcalde de Maracaibo explic\u00f3 que la instalaci\u00f3n de los sem\u00e1foros vendr\u00e1 acompa\u00f1ada de un plan de se\u00f1alizaci\u00f3n y demarcaci\u00f3n de calles y avenidas.<\/p>\n\n\n\n<p>\u201cEmpecemos desde abajo. En la ciudad no hay indicaciones de pare. Yo incluso sufr\u00ed hace poco un accidente porque una persona que ten\u00eda el pare, no lo respet\u00f3\u201d, revel\u00f3 el Alcalde.<\/p>\n\n\n\n<p>Di Martino dijo que se activar\u00e1n a la Polic\u00eda Municipal, la Polic\u00eda Nacional Bolivariana y la Polic\u00eda Regional para hacer los acordonamientos que sean necesarios durante estos trabajos y as\u00ed para garantizar la seguridad a conductores y transe\u00fantes\u201d.<\/p>\n\n\n\n<p><strong>CONSTRUIR\u00c1N PLAZA DR. JOS\u00c9 GREGORIO HERN\u00c1NDEZ Y CARMEN RENDILES<\/strong><br>La Alcald\u00eda de Maracaibo, en un esfuerzo conjunto con el poder comunal y la empresa privada, construir\u00e1 una plaza en honor a Jos\u00e9 Gregorio Hern\u00e1ndez y a la religiosa Carmen Rendiles en la capital marabina.<\/p>\n\n\n\n<p>Esta plaza que se erigir\u00e1 en homenaje a los primeros santos de Venezuela, cuya ceremonia de canonizaci\u00f3n ser\u00e1 el 19 de octubre, en El Vaticano.<\/p>\n\n\n\n<p>Estar\u00e1 ubicada en la urbanizaci\u00f3n San Jacinto, parroquia Juana de \u00c1vila, al norte de la ciudad. Ese 19 de octubre ser\u00e1 un d\u00eda de j\u00fabilo para el pueblo cat\u00f3lico venezolano, pues el venerado m\u00e9dico trujillano y la Madre Carmen Rendiles ser\u00e1n elevados a los altares en una ceremonia presidida por el Papa Le\u00f3n XIV.<\/p>\n\n\n\n<figure class=\"wp-block-image size-full\"><img decoding=\"async\" width=\"800\" height=\"500\" src=\"https:\/\/entretormentas.com\/wp-content\/uploads\/2025\/09\/otrodi2-1.jpeg\" alt=\"\" class=\"wp-image-22092\" srcset=\"https:\/\/entretormentas.com\/wp-content\/uploads\/2025\/09\/otrodi2-1.jpeg 800w, https:\/\/entretormentas.com\/wp-content\/uploads\/2025\/09\/otrodi2-1-300x188.jpeg 300w, https:\/\/entretormentas.com\/wp-content\/uploads\/2025\/09\/otrodi2-1-768x480.jpeg 768w, https:\/\/entretormentas.com\/wp-content\/uploads\/2025\/09\/otrodi2-1-400x250.jpeg 400w\" sizes=\"(max-width: 800px) 100vw, 800px\" \/><\/figure>\n\n\n\n<p>Al hacer el anuncio de la construcci\u00f3n de la plaza en honor al \u201cM\u00e9dico de los Pobres\u201d, el alcalde marabino inform\u00f3 que esta iniciativa logr\u00f3 conjugar las voluntades del poder municipal, vecinal y del sector privado que est\u00e1 dispuesto a invertir en nuestra capital.<\/p>\n\n\n\n<p>\u201cYo estaba buscando un lugar y me fui para San Jacinto y all\u00ed consegu\u00ed un terreno inmenso, en donde hay un proyecto de vivienda\u201d, explic\u00f3 Di Martino. Y continu\u00f3: \u201cHay una l\u00edder de comunidad que vivi\u00f3 en el terreno, que tiene que ver con ese proyecto de vivienda y le preguntamos \u2018Mira, qu\u00e9 tal si hacemos el proyecto de vivienda, el complejo deportivo y hacemos la plaza? Se van a quedar unas viviendas por fuera, pero estar\u00e1 la plaza Jos\u00e9 Gregorio Hern\u00e1ndez y la monja Carmen Rendiles; la l\u00edder vecinal se puso a llorar, porque me dijo, \u2018Jos\u00e9 Gregorio Hern\u00e1ndez me hizo un milagro\u2019; as\u00ed que bueno, vamos a construir la plaza en San Jacinto\u201d.<\/p>\n\n\n\n<p>Con entusiasmo, el alcalde Di Martino explic\u00f3: \u201cPens\u00e1bamos que iniciar\u00edamos, el proyecto de la plaza, con el Consejo de Planificaci\u00f3n, y la C\u00e1mara Municipal para buscar los recursos. Pero apareci\u00f3 un empresario inversionista y me dijo \u2018Yo tambi\u00e9n soy devoto de Jos\u00e9 Gregorio Hern\u00e1ndez\u201d.<br>Las declaraciones del alcalde Giancarlo Di Martino se produjeron en el marco de la rueda de prensa ofrecida para adelantar los primeros detalles de la celebraci\u00f3n de la Feria de la Chinita y la Navidad en Maracaibo.<br><strong><em>ET \/ Prensa Alcald\u00eda de Maracaibo<\/em><\/strong><\/p>\n\n\n\n<p><\/p>\n","protected":false},"excerpt":{"rendered":"<p>ENTRE TORMENTAS. \u201cA partir de la pr\u00f3xima semana se empiezan a colocar los sem\u00e1foros inteligentes&#8230;<\/p>\n","protected":false},"author":2,"featured_media":22093,"comment_status":"closed","ping_status":"open","sticky":false,"template":"","format":"standard","meta":{"footnotes":""},"categories":[56,1],"tags":[],"class_list":["post-22089","post","type-post","status-publish","format-standard","has-post-thumbnail","hentry","category-destacadas","category-regionales"],"_links":{"self":[{"href":"https:\/\/entretormentas.com\/index.php?rest_route=\/wp\/v2\/posts\/22089","targetHints":{"allow":["GET"]}}],"collection":[{"href":"https:\/\/entretormentas.com\/index.php?rest_route=\/wp\/v2\/posts"}],"about":[{"href":"https:\/\/entretormentas.com\/index.php?rest_route=\/wp\/v2\/types\/post"}],"author":[{"embeddable":true,"href":"https:\/\/entretormentas.com\/index.php?rest_route=\/wp\/v2\/users\/2"}],"replies":[{"embeddable":true,"href":"https:\/\/entretormentas.com\/index.php?rest_route=%2Fwp%2Fv2%2Fcomments&post=22089"}],"version-history":[{"count":1,"href":"https:\/\/entretormentas.com\/index.php?rest_route=\/wp\/v2\/posts\/22089\/revisions"}],"predecessor-version":[{"id":22094,"href":"https:\/\/entretormentas.com\/index.php?rest_route=\/wp\/v2\/posts\/22089\/revisions\/22094"}],"wp:featuredmedia":[{"embeddable":true,"href":"https:\/\/entretormentas.com\/index.php?rest_route=\/wp\/v2\/media\/22093"}],"wp:attachment":[{"href":"https:\/\/entretormentas.com\/index.php?rest_route=%2Fwp%2Fv2%2Fmedia&parent=22089"}],"wp:term":[{"taxonomy":"category","embeddable":true,"href":"https:\/\/entretormentas.com\/index.php?rest_route=%2Fwp%2Fv2%2Fcategories&post=22089"},{"taxonomy":"post_tag","embeddable":true,"href":"https:\/\/entretormentas.com\/index.php?rest_route=%2Fwp%2Fv2%2Ftags&post=22089"}],"curies":[{"name":"wp","href":"https:\/\/api.w.org\/{rel}","templated":true}]}}