{"id":22095,"date":"2025-09-19T04:52:50","date_gmt":"2025-09-19T08:52:50","guid":{"rendered":"https:\/\/entretormentas.com\/?p=22095"},"modified":"2025-09-19T04:52:51","modified_gmt":"2025-09-19T08:52:51","slug":"entre-lagrimas-yulimar-rojas-logra-bronce-y-lo-considera-una-victoria-personal","status":"publish","type":"post","link":"https:\/\/entretormentas.com\/entre-lagrimas-yulimar-rojas-logra-bronce-y-lo-considera-una-victoria-personal\/","title":{"rendered":"\u00a1ENTRE L\u00c1GRIMAS! Yulimar Rojas logra bronce y lo considera una victoria personal"},"content":{"rendered":"\n<p><strong>ENTRE TORMENTAS.<\/strong> La estrella venezolana del triple salto, Yulimar Rojas, admiti\u00f3 la sensaci\u00f3n \u00abagridulce\u00bb que le dej\u00f3 quedarse este jueves con la medalla de bronce en el Mundial de Tokio, donde reaparec\u00eda tras su grave lesi\u00f3n en un tend\u00f3n de Aquiles.<\/p>\n\n\n\n<p>Rojas llevaba dos a\u00f1os sin competir en su prueba por la lesi\u00f3n, producida en abril de 2024, y en su vuelta no pudo revalidar su t\u00edtulo mundial al quedarse apenas en 14,76 metros, cediendo la corona a la cubana Leyanis P\u00e9rez (14,94 m), mientras que la dominiquesa Thea LaFond fue plata con 14,89 metros, indica la nota de AFP.<\/p>\n\n\n\n<p>\u00abEs una sensaci\u00f3n como de que pudo haber sido mejor, pero a la vez es fruto de mucho tiempo y mucho trabajo. Mucha lucha, mucho sacrificio\u00bb, dec\u00eda a su paso por la zona mixta, con la voz entrecortada y sin poder evitar las l\u00e1grimas.<\/p>\n\n\n\n<figure class=\"wp-block-image size-large\"><img fetchpriority=\"high\" decoding=\"async\" width=\"1024\" height=\"682\" src=\"https:\/\/entretormentas.com\/wp-content\/uploads\/2025\/09\/yulillora2-1024x682.jpeg\" alt=\"\" class=\"wp-image-22096\" srcset=\"https:\/\/entretormentas.com\/wp-content\/uploads\/2025\/09\/yulillora2-1024x682.jpeg 1024w, https:\/\/entretormentas.com\/wp-content\/uploads\/2025\/09\/yulillora2-300x200.jpeg 300w, https:\/\/entretormentas.com\/wp-content\/uploads\/2025\/09\/yulillora2-768x512.jpeg 768w, https:\/\/entretormentas.com\/wp-content\/uploads\/2025\/09\/yulillora2.jpeg 1280w\" sizes=\"(max-width: 1024px) 100vw, 1024px\" \/><\/figure>\n\n\n\n<p>\u00abYo nunca me rindo. Soy una mujer de retos, de objetivos. Estas l\u00e1grimas son el compromiso conmigo misma y con el atletismo. Debo estar orgullosa y feliz, aunque ahora sea un poco agridulce porque para m\u00ed esto lo es\u00bb, admiti\u00f3.<\/p>\n\n\n\n<p>Despu\u00e9s de iniciar su intervenci\u00f3n muy afectada, Rojas intent\u00f3 hacer una lectura positiva de lo que supone su regreso a la primera l\u00ednea competitiva despu\u00e9s de la gravedad de su lesi\u00f3n.<\/p>\n\n\n\n<p>\u00abEsto representa el esfuerzo, no rendirse, ser valiente, seguir caminando. Encontrarme con la Yulimar Rojas de siempre no ha sido f\u00e1cil. En verdad debo estar satisfecha, pero debo valorarlo mejor m\u00e1s adelante\u00bb, continu\u00f3.<\/p>\n\n\n\n<p>\u00abHemos vuelto, he regresado. Hace meses no pod\u00eda ni caminar, no sab\u00eda si iba a volver a un escenario como \u00e9ste. Tener una medalla en el cuello, es un bronce, pero es una victoria personal. Me llevo la lucha, lo trabaj\u00e9 y lo dese\u00e9 tanto que solo quiero dar gracias a Dios, a la vida, a mi gente, a mi Venezuela querida\u00bb, dijo ya con una sonrisa.<\/p>\n\n\n\n<p><strong>ESTO NO QUEDA AQU\u00cd<\/strong><br>La atleta de 29 a\u00f1os prometi\u00f3 a sus aficionados que su carrera volver\u00e1 a darles grandes alegr\u00edas.<\/p>\n\n\n\n<figure class=\"wp-block-image size-large\"><img decoding=\"async\" width=\"1024\" height=\"682\" src=\"https:\/\/entretormentas.com\/wp-content\/uploads\/2025\/09\/yulillora3-1024x682.jpeg\" alt=\"\" class=\"wp-image-22097\" srcset=\"https:\/\/entretormentas.com\/wp-content\/uploads\/2025\/09\/yulillora3-1024x682.jpeg 1024w, https:\/\/entretormentas.com\/wp-content\/uploads\/2025\/09\/yulillora3-300x200.jpeg 300w, https:\/\/entretormentas.com\/wp-content\/uploads\/2025\/09\/yulillora3-768x512.jpeg 768w, https:\/\/entretormentas.com\/wp-content\/uploads\/2025\/09\/yulillora3.jpeg 1280w\" sizes=\"(max-width: 1024px) 100vw, 1024px\" \/><\/figure>\n\n\n\n<p>\u00abHay Yulimar Rojas para rato, esto no queda aqu\u00ed y el a\u00f1o que viene voy a volver mucho mejor, m\u00e1s fuerte, m\u00e1s preparada y con mucha hambre de triunfo. Sigan so\u00f1ando, nunca desistan, nunca olviden lo que quieren en la vida. Todo se puede lograr con trabajo dedicaci\u00f3n y lucha, este metal de bronce es el ejemplo de eso. Aunque pudo haber sido de otro color\u00bb, asever\u00f3.<\/p>\n\n\n\n<p>Rojas dedic\u00f3 tambi\u00e9n unas palabras, volvi\u00e9ndose a emocionar, al estadio Nacional de Tokio, donde en 2021 se colg\u00f3 el oro ol\u00edmpico batiendo su primer r\u00e9cord del mundo.<\/p>\n\n\n\n<p>\u00abTokio ha sido generoso conmigo. Hace cuatro a\u00f1os, el oro ol\u00edmpico y el r\u00e9cord del mundo. Ahora me llevo un bronce despu\u00e9s de la rotura de un tend\u00f3n de Aquiles. Es una ciudad y un estadio precioso, que llevar\u00e9 siempre conmigo\u00bb, afirm\u00f3.<br><strong><em>ET \/ Agencias<\/em><\/strong><\/p>\n\n\n\n<p><\/p>\n","protected":false},"excerpt":{"rendered":"<p>ENTRE TORMENTAS. La estrella venezolana del triple salto, Yulimar Rojas, admiti\u00f3 la sensaci\u00f3n \u00abagridulce\u00bb que&#8230;<\/p>\n","protected":false},"author":2,"featured_media":22098,"comment_status":"closed","ping_status":"open","sticky":false,"template":"","format":"standard","meta":{"footnotes":""},"categories":[53,56],"tags":[],"class_list":["post-22095","post","type-post","status-publish","format-standard","has-post-thumbnail","hentry","category-deportes","category-destacadas"],"_links":{"self":[{"href":"https:\/\/entretormentas.com\/index.php?rest_route=\/wp\/v2\/posts\/22095","targetHints":{"allow":["GET"]}}],"collection":[{"href":"https:\/\/entretormentas.com\/index.php?rest_route=\/wp\/v2\/posts"}],"about":[{"href":"https:\/\/entretormentas.com\/index.php?rest_route=\/wp\/v2\/types\/post"}],"author":[{"embeddable":true,"href":"https:\/\/entretormentas.com\/index.php?rest_route=\/wp\/v2\/users\/2"}],"replies":[{"embeddable":true,"href":"https:\/\/entretormentas.com\/index.php?rest_route=%2Fwp%2Fv2%2Fcomments&post=22095"}],"version-history":[{"count":1,"href":"https:\/\/entretormentas.com\/index.php?rest_route=\/wp\/v2\/posts\/22095\/revisions"}],"predecessor-version":[{"id":22099,"href":"https:\/\/entretormentas.com\/index.php?rest_route=\/wp\/v2\/posts\/22095\/revisions\/22099"}],"wp:featuredmedia":[{"embeddable":true,"href":"https:\/\/entretormentas.com\/index.php?rest_route=\/wp\/v2\/media\/22098"}],"wp:attachment":[{"href":"https:\/\/entretormentas.com\/index.php?rest_route=%2Fwp%2Fv2%2Fmedia&parent=22095"}],"wp:term":[{"taxonomy":"category","embeddable":true,"href":"https:\/\/entretormentas.com\/index.php?rest_route=%2Fwp%2Fv2%2Fcategories&post=22095"},{"taxonomy":"post_tag","embeddable":true,"href":"https:\/\/entretormentas.com\/index.php?rest_route=%2Fwp%2Fv2%2Ftags&post=22095"}],"curies":[{"name":"wp","href":"https:\/\/api.w.org\/{rel}","templated":true}]}}