{"id":22100,"date":"2025-09-20T06:13:53","date_gmt":"2025-09-20T10:13:53","guid":{"rendered":"https:\/\/entretormentas.com\/?p=22100"},"modified":"2025-09-20T06:13:54","modified_gmt":"2025-09-20T10:13:54","slug":"sera-una-jornada-mensual-realizan-primer-encuentro-de-los-auditores-de-la-alcaldia-de-maracaibo","status":"publish","type":"post","link":"https:\/\/entretormentas.com\/sera-una-jornada-mensual-realizan-primer-encuentro-de-los-auditores-de-la-alcaldia-de-maracaibo\/","title":{"rendered":"\u00a1SER\u00c1 UNA JORNADA MENSUAL! Realizan primer encuentro de los auditores de la Alcald\u00eda de Maracaibo"},"content":{"rendered":"\n<p><strong>ENTRE TORMENTAS.<\/strong> La Alcald\u00eda de Maracaibo realiz\u00f3 el primer encuentro de los auditores incluyendo a todos sus entes desconcentrados, tal y como lo inform\u00f3 Anderson Bosc\u00e1n, jefe del Departamento de desarrollo integral para el talento, quien explic\u00f3 que la meta es realizar esta jornada mensual, cumpliendo instrucciones del alcalde Gian Carlo Di Martino.<\/p>\n\n\n\n<p>La instalaci\u00f3n de la actividad estuvo a cargo del Lcdo. H\u00e9ctor M\u00e1rquez, director de Talento Humano de la Alcald\u00eda, quien precis\u00f3 que se cont\u00f3 con la participaci\u00f3n de todos los agentes descentralizados y desconcentrados, \u201cun promedio de 50 personas,incluyendo al auditor interno de cadena de todos los agentes descentralizados y desconcentrados<\/p>\n\n\n\n<p>Detall\u00f3 Bosc\u00e1n que antes las auditor\u00edas estaban por separado y la propuesta del alcalde es unificar las auditor\u00edas, basado en un trabajo de planificaci\u00f3n en conjunto con todas las auditor\u00edas y lograr fusionarlas en una sola.<\/p>\n\n\n\n<figure class=\"wp-block-image size-large\"><img fetchpriority=\"high\" decoding=\"async\" width=\"1024\" height=\"682\" src=\"https:\/\/entretormentas.com\/wp-content\/uploads\/2025\/09\/auditores2-1024x682.jpeg\" alt=\"\" class=\"wp-image-22101\" srcset=\"https:\/\/entretormentas.com\/wp-content\/uploads\/2025\/09\/auditores2-1024x682.jpeg 1024w, https:\/\/entretormentas.com\/wp-content\/uploads\/2025\/09\/auditores2-300x200.jpeg 300w, https:\/\/entretormentas.com\/wp-content\/uploads\/2025\/09\/auditores2-768x512.jpeg 768w, https:\/\/entretormentas.com\/wp-content\/uploads\/2025\/09\/auditores2.jpeg 1280w\" sizes=\"(max-width: 1024px) 100vw, 1024px\" \/><\/figure>\n\n\n\n<p>Para el alcalde Di Martino \u201ces muy importante hacer todo ese enlace y trabajar en su ordenamiento, porque estamos haciendo un cambio de gesti\u00f3n. Todo eso lleva a un acta de entrega, un antecedimiento\u201d.<\/p>\n\n\n\n<p>Destac\u00f3 Anderson Bosc\u00e1n que la formaci\u00f3n en el \u00e1rea de las auditor\u00edas, para la gesti\u00f3n p\u00fablica es parte fundamental en todo este proceso y es lo complejo porque es el aval de lo que se entrega y lo que se recibe.<\/p>\n\n\n\n<p>Refiri\u00f3 que esta formaci\u00f3n es muy importante, \u201cya que estamos haciendo un cambio de gesti\u00f3n, lo que implica que hay un antecedente en personal entrante y saliente, que deben tener claramente lo que estamos recibiendo. Y evaluar la estructura de la auditor\u00eda en cada sector, en cada departamento, para llevar un control correcto en cada \u00e1rea\u201d<\/p>\n\n\n\n<p>Para concluir indic\u00f3 que en este proceso de formaci\u00f3n existe una excelente receptividad por parte de los asistentes y es factible organizar un encuentro m\u00e1s amplio con el auditor y su departamento permanente\u201d.<br><strong><em>ET \/ Prensa Alcald\u00eda de Maracaibo<\/em><\/strong><\/p>\n","protected":false},"excerpt":{"rendered":"<p>ENTRE TORMENTAS. La Alcald\u00eda de Maracaibo realiz\u00f3 el primer encuentro de los auditores incluyendo a&#8230;<\/p>\n","protected":false},"author":2,"featured_media":22102,"comment_status":"closed","ping_status":"open","sticky":false,"template":"","format":"standard","meta":{"footnotes":""},"categories":[57,1],"tags":[],"class_list":["post-22100","post","type-post","status-publish","format-standard","has-post-thumbnail","hentry","category-actualidad","category-regionales"],"_links":{"self":[{"href":"https:\/\/entretormentas.com\/index.php?rest_route=\/wp\/v2\/posts\/22100","targetHints":{"allow":["GET"]}}],"collection":[{"href":"https:\/\/entretormentas.com\/index.php?rest_route=\/wp\/v2\/posts"}],"about":[{"href":"https:\/\/entretormentas.com\/index.php?rest_route=\/wp\/v2\/types\/post"}],"author":[{"embeddable":true,"href":"https:\/\/entretormentas.com\/index.php?rest_route=\/wp\/v2\/users\/2"}],"replies":[{"embeddable":true,"href":"https:\/\/entretormentas.com\/index.php?rest_route=%2Fwp%2Fv2%2Fcomments&post=22100"}],"version-history":[{"count":1,"href":"https:\/\/entretormentas.com\/index.php?rest_route=\/wp\/v2\/posts\/22100\/revisions"}],"predecessor-version":[{"id":22103,"href":"https:\/\/entretormentas.com\/index.php?rest_route=\/wp\/v2\/posts\/22100\/revisions\/22103"}],"wp:featuredmedia":[{"embeddable":true,"href":"https:\/\/entretormentas.com\/index.php?rest_route=\/wp\/v2\/media\/22102"}],"wp:attachment":[{"href":"https:\/\/entretormentas.com\/index.php?rest_route=%2Fwp%2Fv2%2Fmedia&parent=22100"}],"wp:term":[{"taxonomy":"category","embeddable":true,"href":"https:\/\/entretormentas.com\/index.php?rest_route=%2Fwp%2Fv2%2Fcategories&post=22100"},{"taxonomy":"post_tag","embeddable":true,"href":"https:\/\/entretormentas.com\/index.php?rest_route=%2Fwp%2Fv2%2Ftags&post=22100"}],"curies":[{"name":"wp","href":"https:\/\/api.w.org\/{rel}","templated":true}]}}