{"id":22104,"date":"2025-09-20T06:18:20","date_gmt":"2025-09-20T10:18:20","guid":{"rendered":"https:\/\/entretormentas.com\/?p=22104"},"modified":"2025-09-20T06:19:15","modified_gmt":"2025-09-20T10:19:15","slug":"en-el-panteon-del-zulia-realizan-conversatorio-sobre-felipe-pirela-a-13-anos-de-su-inhumacion","status":"publish","type":"post","link":"https:\/\/entretormentas.com\/en-el-panteon-del-zulia-realizan-conversatorio-sobre-felipe-pirela-a-13-anos-de-su-inhumacion\/","title":{"rendered":"\u00a1EN EL PANTE\u00d3N DEL ZULIA! Realizan conversatorio sobre Felipe Pirela a 13 a\u00f1os de su inhumaci\u00f3n"},"content":{"rendered":"\n<p><strong>ENTRE TORMENTA. <\/strong>La voz del tenor Oscar Valencia dio la bienvenida al conversatorio acerca de Felipe Pirela, realizado en el Pante\u00f3n del estado Zulia, adscrito a la Secretar\u00eda de Cultura, el mi\u00e9rcoles 17 de septiembre de 2025, al cumplirse 13 a\u00f1os de la inhumaci\u00f3n de \u201cEl Bolerista de Am\u00e9rica\u201d.<\/p>\n\n\n\n<p>Ang\u00e9lica Reyes de V\u00edlchez, anfitriona y directora del Pante\u00f3n regional, relat\u00f3 las an\u00e9cdotas del proceso de traslado de los restos mortales de Felipe Pirela al mausoleo de insignes zulianos, a la vez que daba datos hist\u00f3ricos, aprovechando la presencia de personalidades de los sectores de cultura y educaci\u00f3n, as\u00ed como de representantes del \u00e1rea comunicacional, para esclarecer las dudas sobre la fecha de nacimiento del afamado artista marabino.<\/p>\n\n\n\n<p>\u00abFelipe Pirela naci\u00f3 en Maracaibo, en El Empedrao, Santa Luc\u00eda, el 3 de septiembre de 1940\u00bb, enfatiz\u00f3 Reyes de V\u00edlchez, quien aspira a que se dejen de repetir los errores que por algoritmo se multiplican en el internet y en las redes sociales.<\/p>\n\n\n\n<figure class=\"wp-block-image size-large\"><img fetchpriority=\"high\" decoding=\"async\" width=\"1024\" height=\"470\" src=\"https:\/\/entretormentas.com\/wp-content\/uploads\/2025\/09\/felipepirela2-1024x470.jpeg\" alt=\"\" class=\"wp-image-22105\" srcset=\"https:\/\/entretormentas.com\/wp-content\/uploads\/2025\/09\/felipepirela2-1024x470.jpeg 1024w, https:\/\/entretormentas.com\/wp-content\/uploads\/2025\/09\/felipepirela2-300x138.jpeg 300w, https:\/\/entretormentas.com\/wp-content\/uploads\/2025\/09\/felipepirela2-768x353.jpeg 768w, https:\/\/entretormentas.com\/wp-content\/uploads\/2025\/09\/felipepirela2.jpeg 1080w\" sizes=\"(max-width: 1024px) 100vw, 1024px\" \/><\/figure>\n\n\n\n<p>La directora del Pante\u00f3n, creadora del Programa Personas Consagradas en el Zulia (Peconzul), agradeci\u00f3 a los invitados por su presencia, en nombre del gobernador bolivariano del Zulia, Luis Caldera, y del secretario de Cultura, Giovanny Villalobos, quienes hacen posible ejecutar trabajos como estos que enaltecen el gentilicio zuliano y afianzan los lazos de hermandad entre la ciudadan\u00eda.<br>Record\u00f3 Reyes de V\u00edlchez que \u00abla inhumaci\u00f3n de Felipe Pirela se llev\u00f3 a cabo el 17 de septiembre de 2012, luego de superar una propuesta que apenas se asom\u00f3 en el a\u00f1o 2005, pero que fue concretada siete a\u00f1os m\u00e1s tarde, por la Junta de Honores del Pante\u00f3n, cuando por cierto, el actual gobernador del Zulia, Luis Caldera, formaba parte de la junta, como presidente de la Asociaci\u00f3n de Alcaldes del estado, conjuntamente con los dem\u00e1s miembros, 11 en total\u201d.<\/p>\n\n\n\n<p>La velada, adem\u00e1s de hist\u00f3rica, fue amena. El conversatorio se impregn\u00f3 con un c\u00e1lido matiz, fue catarsis para el alma, m\u00faltiples voces entonaron algunos de los temas que inmortalizara \u201cEl Bolerista de Am\u00e9rica\u201d, como lo bautiz\u00f3 un grande de la canci\u00f3n mexicana, don Pedro Vargas.<\/p>\n\n\n\n<p>Mayba Nelson cant\u00f3 a capela Arrod\u00edllate. Ella es integrante del equipo de Cultura de Maracaibo, que dirige Ram\u00f3n Felipe Colina, quien tambi\u00e9n tom\u00f3 la palabra para anunciar la creaci\u00f3n de un museo en honor a Pirela, en su casa natal de Santa Luc\u00eda.<\/p>\n\n\n\n<p>\u00abGracias al presidente de la Rep\u00fablica Bolivariana de Venezuela, Nicol\u00e1s Maduro; al alcalde de Maracaibo, Giancarlo Di Martino; y, al gobernador del Zulia, Luis Caldera, conjuntamente con el Poder Popular, haremos realidad este clamor del pueblo, rescatar esos espacios para benepl\u00e1cito de todos los zulianos\u00bb, dijo Colina.<\/p>\n\n\n\n<p>Por su parte, el presidente de la Fundaci\u00f3n Biblioteca P\u00fablica del Estado Mar\u00eda Calca\u00f1o, Alexis Fern\u00e1ndez, dedic\u00f3 un poema de su autor\u00eda, Bolero nuestro, declamado por \u00e9l mismo con toda la pasi\u00f3n que brota de donde se forman los mas nobles sentimientos, porque nacen all\u00ed donde no hay defectos, el alma.<\/p>\n\n\n\n<p>Y hasta el wayuunaiki retumb\u00f3 en el Pante\u00f3n, en la voz de Jos\u00e9 Silva, de la coordinaci\u00f3n intercultural biling\u00fce, que junto a Emilio Arriechi, le puso ese halo misterioso que envolvi\u00f3 la inhumaci\u00f3n de Felipe Pirela, ba\u00f1ada por lluvias torrenciales que impidieron realizar la programaci\u00f3n cultural prevista. \u00abFue un segundo velorio al estilo wayuu. Felipe no se quer\u00eda ir\u00bb, dijo Silva, quien tambi\u00e9n dio un mensaje en una de nuestras lenguas aut\u00f3ctonas.<\/p>\n\n\n\n<p>Este conversatario tuvo la particularidad de reunir a varios de los protagonistas de aquel acontecimiento, desde la exhumaci\u00f3n en el cementerio municipal Coraz\u00f3n de Jes\u00fas, un acto privado que cont\u00f3 \u00fanicamente con la presencia de los familiares de Felipe Pirela, las autoridades gubernamentales y la directora del Pante\u00f3n del Zulia. Y como invitado especial, el periodista Eduardo Fern\u00e1ndez (QEPD), subdirector del prestigioso diario Panorama, autor de \u201cFelipe Pirela, su vida\u201d, un libro biogr\u00e1fico del artista.<\/p>\n\n\n\n<figure class=\"wp-block-image size-large\"><img decoding=\"async\" width=\"1024\" height=\"472\" src=\"https:\/\/entretormentas.com\/wp-content\/uploads\/2025\/09\/felipepirala3-1024x472.jpeg\" alt=\"\" class=\"wp-image-22106\" srcset=\"https:\/\/entretormentas.com\/wp-content\/uploads\/2025\/09\/felipepirala3-1024x472.jpeg 1024w, https:\/\/entretormentas.com\/wp-content\/uploads\/2025\/09\/felipepirala3-300x138.jpeg 300w, https:\/\/entretormentas.com\/wp-content\/uploads\/2025\/09\/felipepirala3-768x354.jpeg 768w, https:\/\/entretormentas.com\/wp-content\/uploads\/2025\/09\/felipepirala3.jpeg 1080w\" sizes=\"(max-width: 1024px) 100vw, 1024px\" \/><\/figure>\n\n\n\n<p>Entre los invitados al conversatorio, Carlos Ortega, miembro de la Fundaci\u00f3n para la Academia de la Gaita Ricardo Aguirre del Estado Zulia (Fundagraez), relat\u00f3 c\u00f3mo un r\u00edo de pueblo acompa\u00f1\u00f3 en procesi\u00f3n el traslado de los restos del cantante, desde la iglesia Santa Luc\u00eda, donde se realiz\u00f3 la capilla ardiente con las protocolares guardias de honor, para ir a manos de marianos con parada en la Bas\u00edlica de Chiquinquir\u00e1, y pasarlo por la Catedral de Maracaibo hasta las puertas del Pante\u00f3n del Zulia, donde reposa en el nicho n\u00famero 9 del mausoleo, donde est\u00e1n los restos de ilustres venezolanos.<\/p>\n\n\n\n<p>El conversatorio cont\u00f3 tambi\u00e9n con la presencia del cronista del municipio Rosario de Perij\u00e1, Jos\u00e9 Quintero; Germ\u00e1n Varela, del programa radial Tomemos un caf\u00e9 con arte; Nelson Rubio, Turiszulia; Zulay Pi\u00f1a, directora de la galer\u00eda Julio \u00c1rraga; Norberto Andrade, compositor musical; Karina Villasmil, representante de la Secretar\u00eda de Educaci\u00f3n; Egl\u00e9e Ahumada, directora (e) del Museo Arquidiocesano; Milagros V\u00edlchez, Cori y David Pirela, familiares del cantante; y, Harold Zabala, abogado, periodista e historiador. Entre otros, como miembros de la Academia de Historia, comunicadores sociales y educadores.<\/p>\n\n\n\n<p>\u00abEn nuestros sue\u00f1os\/ el ni\u00f1o Felipe\/ que pregona\/ mandocas y empanadas\/alcanza a Pirela\u2026\/ mientras t\u00fa, Felipe, calle abajo,\/ mar adentro,\/ anocheces iluminado\/ en boleros para espantar esas sombras nada m\u00e1s\/ al conjuro del sol.\u00bb.- Alexis Fern\u00e1ndez.<br><strong><em>ET \/ Nota de Prensa<\/em><\/strong><\/p>\n\n\n\n<p><\/p>\n","protected":false},"excerpt":{"rendered":"<p>ENTRE TORMENTA. La voz del tenor Oscar Valencia dio la bienvenida al conversatorio acerca de&#8230;<\/p>\n","protected":false},"author":2,"featured_media":22107,"comment_status":"closed","ping_status":"open","sticky":false,"template":"","format":"standard","meta":{"footnotes":""},"categories":[57,54],"tags":[],"class_list":["post-22104","post","type-post","status-publish","format-standard","has-post-thumbnail","hentry","category-actualidad","category-espectaculos"],"_links":{"self":[{"href":"https:\/\/entretormentas.com\/index.php?rest_route=\/wp\/v2\/posts\/22104","targetHints":{"allow":["GET"]}}],"collection":[{"href":"https:\/\/entretormentas.com\/index.php?rest_route=\/wp\/v2\/posts"}],"about":[{"href":"https:\/\/entretormentas.com\/index.php?rest_route=\/wp\/v2\/types\/post"}],"author":[{"embeddable":true,"href":"https:\/\/entretormentas.com\/index.php?rest_route=\/wp\/v2\/users\/2"}],"replies":[{"embeddable":true,"href":"https:\/\/entretormentas.com\/index.php?rest_route=%2Fwp%2Fv2%2Fcomments&post=22104"}],"version-history":[{"count":1,"href":"https:\/\/entretormentas.com\/index.php?rest_route=\/wp\/v2\/posts\/22104\/revisions"}],"predecessor-version":[{"id":22108,"href":"https:\/\/entretormentas.com\/index.php?rest_route=\/wp\/v2\/posts\/22104\/revisions\/22108"}],"wp:featuredmedia":[{"embeddable":true,"href":"https:\/\/entretormentas.com\/index.php?rest_route=\/wp\/v2\/media\/22107"}],"wp:attachment":[{"href":"https:\/\/entretormentas.com\/index.php?rest_route=%2Fwp%2Fv2%2Fmedia&parent=22104"}],"wp:term":[{"taxonomy":"category","embeddable":true,"href":"https:\/\/entretormentas.com\/index.php?rest_route=%2Fwp%2Fv2%2Fcategories&post=22104"},{"taxonomy":"post_tag","embeddable":true,"href":"https:\/\/entretormentas.com\/index.php?rest_route=%2Fwp%2Fv2%2Ftags&post=22104"}],"curies":[{"name":"wp","href":"https:\/\/api.w.org\/{rel}","templated":true}]}}