{"id":22109,"date":"2025-09-20T06:23:06","date_gmt":"2025-09-20T10:23:06","guid":{"rendered":"https:\/\/entretormentas.com\/?p=22109"},"modified":"2025-09-20T06:23:07","modified_gmt":"2025-09-20T10:23:07","slug":"en-la-picola-plaza-danelo-badell-luce-limpia-pintada-y-alumbrada-tras-intervencion-de-la-alcaldia-marabina","status":"publish","type":"post","link":"https:\/\/entretormentas.com\/en-la-picola-plaza-danelo-badell-luce-limpia-pintada-y-alumbrada-tras-intervencion-de-la-alcaldia-marabina\/","title":{"rendered":"\u00a1EN LA P\u00cdCOLA! Plaza Danelo Badell luce limpia, pintada y alumbrada tras intervenci\u00f3n de la Alcald\u00eda marabina"},"content":{"rendered":"\n<p><strong>ENTRE TORMENTAS. <\/strong>La Alcald\u00eda de Maracaibo, a trav\u00e9s del Servicio Desconcentrado de Plazas y Parques (SEDEPAR) y el Servicio Desconcentrado de Cementerios Municipales (SEDECEMA), ejecut\u00f3 operativo de limpieza integral en la plaza Danelo Badell, ubicada en la urbanizaci\u00f3n La P\u00edcola, parroquia Juana de \u00c1vila, como respuesta a la solicitud de los vecinos del sector, reafirmando el compromiso del ayuntamiento marabino con el mantenimiento de los espacios p\u00fablicos.<\/p>\n\n\n\n<p>Namik Torres, director general de SEDEPAR, destac\u00f3 la importancia de atender de forma directa las solicitudes ciudadanas. \u201cCada plaza es un punto de encuentro, de esparcimiento familiar y de convivencia. Nuestro deber es mantenerlas limpias, seguras y dignas para todos\u201d, expres\u00f3.<\/p>\n\n\n\n<figure class=\"wp-block-image size-large\"><img fetchpriority=\"high\" decoding=\"async\" width=\"1024\" height=\"767\" src=\"https:\/\/entretormentas.com\/wp-content\/uploads\/2025\/09\/plazadanelo3-1024x767.jpeg\" alt=\"\" class=\"wp-image-22110\" srcset=\"https:\/\/entretormentas.com\/wp-content\/uploads\/2025\/09\/plazadanelo3-1024x767.jpeg 1024w, https:\/\/entretormentas.com\/wp-content\/uploads\/2025\/09\/plazadanelo3-300x225.jpeg 300w, https:\/\/entretormentas.com\/wp-content\/uploads\/2025\/09\/plazadanelo3-768x575.jpeg 768w, https:\/\/entretormentas.com\/wp-content\/uploads\/2025\/09\/plazadanelo3.jpeg 1280w\" sizes=\"(max-width: 1024px) 100vw, 1024px\" \/><\/figure>\n\n\n\n<p>Indic\u00f3 que el despliegue se realiz\u00f3 en tiempo r\u00e9cord gracias a la activaci\u00f3n inmediata de cuadrillas de ambas instituciones, quienes intervinieron la zona comprendida entre la calle 43A y la avenida 15P. Las labores incluyeron poda controlada, desmalezamiento, barrido manual, recolecci\u00f3n de desechos y revisi\u00f3n del sistema de alumbrado, garantizando condiciones \u00f3ptimas para el disfrute de la comunidad.<\/p>\n\n\n\n<p>Torres se\u00f1al\u00f3 que esta jornada fue ejecutada por instrucciones del alcalde Giancarlo Di Martino, quien ha reiterado su voluntad de atender de forma prioritaria los espacios que fortalecen la vida comunitaria. La intervenci\u00f3n en la plaza Danelo Badell se suma a las acciones que se vienen desarrollando en distintas parroquias, como parte del plan de recuperaci\u00f3n de los espacios p\u00fablicos de la ciudad.<\/p>\n\n\n\n<p>Con esta acci\u00f3n, la Alcald\u00eda de Maracaibo reafirma su compromiso con los marabinos, promoviendo \u00e1reas limpias, cuidadas y dignas. La plaza Danelo Badell vuelve a estar lista para ser punto de encuentro para ni\u00f1os, j\u00f3venes y adultos en un entorno que refleja el esfuerzo conjunto entre instituciones y comunidad.<br><strong><em>ET \/ Prensa Alcald\u00eda de Maracaibo<\/em><\/strong><\/p>\n","protected":false},"excerpt":{"rendered":"<p>ENTRE TORMENTAS. La Alcald\u00eda de Maracaibo, a trav\u00e9s del Servicio Desconcentrado de Plazas y Parques&#8230;<\/p>\n","protected":false},"author":2,"featured_media":22111,"comment_status":"closed","ping_status":"open","sticky":false,"template":"","format":"standard","meta":{"footnotes":""},"categories":[57,1],"tags":[],"class_list":["post-22109","post","type-post","status-publish","format-standard","has-post-thumbnail","hentry","category-actualidad","category-regionales"],"_links":{"self":[{"href":"https:\/\/entretormentas.com\/index.php?rest_route=\/wp\/v2\/posts\/22109","targetHints":{"allow":["GET"]}}],"collection":[{"href":"https:\/\/entretormentas.com\/index.php?rest_route=\/wp\/v2\/posts"}],"about":[{"href":"https:\/\/entretormentas.com\/index.php?rest_route=\/wp\/v2\/types\/post"}],"author":[{"embeddable":true,"href":"https:\/\/entretormentas.com\/index.php?rest_route=\/wp\/v2\/users\/2"}],"replies":[{"embeddable":true,"href":"https:\/\/entretormentas.com\/index.php?rest_route=%2Fwp%2Fv2%2Fcomments&post=22109"}],"version-history":[{"count":1,"href":"https:\/\/entretormentas.com\/index.php?rest_route=\/wp\/v2\/posts\/22109\/revisions"}],"predecessor-version":[{"id":22112,"href":"https:\/\/entretormentas.com\/index.php?rest_route=\/wp\/v2\/posts\/22109\/revisions\/22112"}],"wp:featuredmedia":[{"embeddable":true,"href":"https:\/\/entretormentas.com\/index.php?rest_route=\/wp\/v2\/media\/22111"}],"wp:attachment":[{"href":"https:\/\/entretormentas.com\/index.php?rest_route=%2Fwp%2Fv2%2Fmedia&parent=22109"}],"wp:term":[{"taxonomy":"category","embeddable":true,"href":"https:\/\/entretormentas.com\/index.php?rest_route=%2Fwp%2Fv2%2Fcategories&post=22109"},{"taxonomy":"post_tag","embeddable":true,"href":"https:\/\/entretormentas.com\/index.php?rest_route=%2Fwp%2Fv2%2Ftags&post=22109"}],"curies":[{"name":"wp","href":"https:\/\/api.w.org\/{rel}","templated":true}]}}