{"id":22113,"date":"2025-09-20T06:26:25","date_gmt":"2025-09-20T10:26:25","guid":{"rendered":"https:\/\/entretormentas.com\/?p=22113"},"modified":"2025-09-20T06:26:26","modified_gmt":"2025-09-20T10:26:26","slug":"reunion-clave-min-salud-impulsa-el-fortalecimiento-del-sistema-de-salud-en-zulia","status":"publish","type":"post","link":"https:\/\/entretormentas.com\/reunion-clave-min-salud-impulsa-el-fortalecimiento-del-sistema-de-salud-en-zulia\/","title":{"rendered":"\u00a1REUNI\u00d3N CLAVE! Min-Salud impulsa el fortalecimiento del sistema de salud en Zulia"},"content":{"rendered":"\n<p><strong>ENTRE TORMENTAS. <\/strong>En un esfuerzo por optimizar la atenci\u00f3n m\u00e9dica en la regi\u00f3n, el Ministerio del Poder Popular para la Salud llev\u00f3 a cabo una importante mesa de trabajo en la Gobernaci\u00f3n del Zulia. La reuni\u00f3n, instruida por el presidente Nicol\u00e1s Maduro, la ministra Magaly Guti\u00e9rrez y el gobernador Luis Caldera, se realiz\u00f3 para impulsar el fortalecimiento del Sistema P\u00fablico Nacional de Salud en la entidad.<\/p>\n\n\n\n<p>El encuentro, liderado por los viceministros de salud, congreg\u00f3 a la secretaria y autoridad \u00fanica de salud del Zulia, Dra. Noly Fern\u00e1ndez, directores del sector, a nivel nacional, para abordar temas cruciales como el 1&#215;10 del Buen Gobierno, el refuerzo de las Brigadas Comunitarias Militares para la Educaci\u00f3n y la Salud (Bricomiles), la expansi\u00f3n de la Misi\u00f3n Sonrisa, la articulaci\u00f3n de la red de salud en el estado y la implementaci\u00f3n del Plan de las 7T.<\/p>\n\n\n\n<figure class=\"wp-block-image size-large\"><img fetchpriority=\"high\" decoding=\"async\" width=\"1024\" height=\"768\" src=\"https:\/\/entretormentas.com\/wp-content\/uploads\/2025\/09\/minsalud2-1024x768.jpeg\" alt=\"\" class=\"wp-image-22114\" srcset=\"https:\/\/entretormentas.com\/wp-content\/uploads\/2025\/09\/minsalud2-1024x768.jpeg 1024w, https:\/\/entretormentas.com\/wp-content\/uploads\/2025\/09\/minsalud2-300x225.jpeg 300w, https:\/\/entretormentas.com\/wp-content\/uploads\/2025\/09\/minsalud2-768x576.jpeg 768w, https:\/\/entretormentas.com\/wp-content\/uploads\/2025\/09\/minsalud2.jpeg 1280w\" sizes=\"(max-width: 1024px) 100vw, 1024px\" \/><\/figure>\n\n\n\n<p>La sinergia entre las autoridades nacionales y regionales demuestra el compromiso del Gobierno con la salud integral de la poblaci\u00f3n zuliana. Este tipo de iniciativas son vitales para garantizar que todos los ciudadanos tengan acceso a una atenci\u00f3n m\u00e9dica de calidad, consolidando as\u00ed el bienestar en la regi\u00f3n.<\/p>\n\n\n\n<p>Entre los participantes estuvieron la viceministra de Salud Integral, Dra. Yuliana Ramos; el viceministro de Hospitales, Dr. Jes\u00fas Osteicochea; la viceministra de Salud Colectiva, Dra. Luz Rodr\u00edguez; la viceministra de Redes Ambulatorias y presidenta de Barrio Adentro, Dra. Darling Mar\u00edn; el viceministro de Recursos, Tecnolog\u00eda y Regulaci\u00f3n, Lcdo. Jos\u00e9 Miguel Medina; la directora nacional de Salud Ind\u00edgena, G\u00e9nesis Castro; la Dra. Valeria Gallego, representante de la Misi\u00f3n Sonrisa; la Dra. Yesenia Quintero, directora nacional de Atenci\u00f3n a Personas con Discapacidad, y la Dra. Juliana Pacheco, directora nacional de Programas de Salud.<\/p>\n\n\n\n<p>Este encuentro marca un paso significativo para unir esfuerzos y recursos, asegurando que el sistema de salud en Zulia, como lo ha planteado tambi\u00e9n el gobernador Luis Caldera, responda de manera m\u00e1s eficiente y efectiva a las necesidades de su gente.<br><strong><em>ET \/ Nota de Prensa<\/em><\/strong><\/p>\n\n\n\n<p><\/p>\n","protected":false},"excerpt":{"rendered":"<p>ENTRE TORMENTAS. En un esfuerzo por optimizar la atenci\u00f3n m\u00e9dica en la regi\u00f3n, el Ministerio&#8230;<\/p>\n","protected":false},"author":2,"featured_media":22115,"comment_status":"closed","ping_status":"open","sticky":false,"template":"","format":"standard","meta":{"footnotes":""},"categories":[57,1],"tags":[],"class_list":["post-22113","post","type-post","status-publish","format-standard","has-post-thumbnail","hentry","category-actualidad","category-regionales"],"_links":{"self":[{"href":"https:\/\/entretormentas.com\/index.php?rest_route=\/wp\/v2\/posts\/22113","targetHints":{"allow":["GET"]}}],"collection":[{"href":"https:\/\/entretormentas.com\/index.php?rest_route=\/wp\/v2\/posts"}],"about":[{"href":"https:\/\/entretormentas.com\/index.php?rest_route=\/wp\/v2\/types\/post"}],"author":[{"embeddable":true,"href":"https:\/\/entretormentas.com\/index.php?rest_route=\/wp\/v2\/users\/2"}],"replies":[{"embeddable":true,"href":"https:\/\/entretormentas.com\/index.php?rest_route=%2Fwp%2Fv2%2Fcomments&post=22113"}],"version-history":[{"count":1,"href":"https:\/\/entretormentas.com\/index.php?rest_route=\/wp\/v2\/posts\/22113\/revisions"}],"predecessor-version":[{"id":22116,"href":"https:\/\/entretormentas.com\/index.php?rest_route=\/wp\/v2\/posts\/22113\/revisions\/22116"}],"wp:featuredmedia":[{"embeddable":true,"href":"https:\/\/entretormentas.com\/index.php?rest_route=\/wp\/v2\/media\/22115"}],"wp:attachment":[{"href":"https:\/\/entretormentas.com\/index.php?rest_route=%2Fwp%2Fv2%2Fmedia&parent=22113"}],"wp:term":[{"taxonomy":"category","embeddable":true,"href":"https:\/\/entretormentas.com\/index.php?rest_route=%2Fwp%2Fv2%2Fcategories&post=22113"},{"taxonomy":"post_tag","embeddable":true,"href":"https:\/\/entretormentas.com\/index.php?rest_route=%2Fwp%2Fv2%2Ftags&post=22113"}],"curies":[{"name":"wp","href":"https:\/\/api.w.org\/{rel}","templated":true}]}}