{"id":22117,"date":"2025-09-20T06:29:41","date_gmt":"2025-09-20T10:29:41","guid":{"rendered":"https:\/\/entretormentas.com\/?p=22117"},"modified":"2025-09-20T06:29:42","modified_gmt":"2025-09-20T10:29:42","slug":"el-proximo-domingo-19-oct-alcaldia-de-maracaibo-se-une-a-famac-en-la-xxv-caminata-por-la-vida","status":"publish","type":"post","link":"https:\/\/entretormentas.com\/el-proximo-domingo-19-oct-alcaldia-de-maracaibo-se-une-a-famac-en-la-xxv-caminata-por-la-vida\/","title":{"rendered":"\u00a1EL PR\u00d3XIMO DOMINGO 19-OCT! Alcald\u00eda de Maracaibo se une a FAMAC en la \u201cXXV Caminata Por la Vida\u201d"},"content":{"rendered":"\n<p><strong>ENTRE TORMENTAS. <\/strong>Con el objetivo de rendir homenaje a todas las mujeres que luchan contra el c\u00e1ncer de mama, la Alcald\u00eda de Maracaibo, a trav\u00e9s de la Direcci\u00f3n General de Desarrollo Social, se une a la \u201cXXV Caminata Por la Vida\u201d a realizarse el pr\u00f3ximo domingo 19 de octubre, a las 6:00 de la ma\u00f1ana con salida y retorno en el Parque Vereda del Lago.<\/p>\n\n\n\n<p>Ana Clara Barboza de Di Martino, Primera Dama del Municipio Maracaibo y Directora General de Desarrollo Social, sostuvo una reuni\u00f3n con el equipo de FAMAC a fin de brindar todo la cooperaci\u00f3n necesaria y expres\u00f3 que \u201cdesde la Alcald\u00eda de Maracaibo, seguiremos brindando todo nuestro apoyo y respaldo a las instituciones que trabajan incansablemente por la salud, el bienestar f\u00edsico y mental de nuestros marabinos y marabinas\u201d.<\/p>\n\n\n\n<p>La Directora de Desarrollo Social record\u00f3 que hace veinte a\u00f1os atr\u00e1s durante la primera gesti\u00f3n del alcalde Giancarlo Di Martino, el palacio municipal se visti\u00f3 de rosa. \u201cHoy veinte a\u00f1os despu\u00e9s reafirmamos nuestro compromiso por la salud y el bienestar de nuestras mujeres marabinas\u201d, enfatiz\u00f3.<\/p>\n\n\n\n<figure class=\"wp-block-image size-large\"><img fetchpriority=\"high\" decoding=\"async\" width=\"1024\" height=\"768\" src=\"https:\/\/entretormentas.com\/wp-content\/uploads\/2025\/09\/famac2-1024x768.jpeg\" alt=\"\" class=\"wp-image-22118\" srcset=\"https:\/\/entretormentas.com\/wp-content\/uploads\/2025\/09\/famac2-1024x768.jpeg 1024w, https:\/\/entretormentas.com\/wp-content\/uploads\/2025\/09\/famac2-300x225.jpeg 300w, https:\/\/entretormentas.com\/wp-content\/uploads\/2025\/09\/famac2-768x576.jpeg 768w, https:\/\/entretormentas.com\/wp-content\/uploads\/2025\/09\/famac2.jpeg 1280w\" sizes=\"(max-width: 1024px) 100vw, 1024px\" \/><\/figure>\n\n\n\n<p>Esta jornada llena de vida, esperanza y solidaridad es organizada por la Fundaci\u00f3n Amigos de la Mujer con C\u00e1ncer de Mama (FAMAC), a prop\u00f3sito de conmemorar el D\u00eda Mundial de la lucha contra el C\u00e1ncer de Mama y realiza un recorrido de 10 kil\u00f3metros. Este a\u00f1o bajo el slogan \u201cPor una Ciudad Libre de C\u00e1ncer de Mama\u201d el recorrido de la caminata atravesar\u00e1 puntos ic\u00f3nicos de la ciudad como Plaza de la Rep\u00fablica, Villa Carmen, Bella Vista, 5 de Julio, El Milagro y Plaza El \u00c1ngel.<\/p>\n\n\n\n<p><strong>DESPLIEGUE INSTITUCIONAL<\/strong><br>Cabe destacar que la alcald\u00eda de Maracaibo dispondr\u00e1 de un punto de hidrataci\u00f3n frente a la emblem\u00e1tica sede y sitio cultural de Villa Carmen.<\/p>\n\n\n\n<p>Adem\u00e1s, tendr\u00e1 el apoyo activo de las cl\u00ednicas m\u00f3viles, organismos de Protecci\u00f3n Civil, Bomberos, Polic\u00eda Municipal, Direcci\u00f3n de Seguridad Ciudadana, a fin de garantizar el resguardo y bienestar de los asistentes a esta importante caminata que cada a\u00f1o se realiza con una afluencia masiva.<br><strong><em>ET \/ Prensa Alcald\u00eda de Maracaibo<\/em><\/strong><\/p>\n","protected":false},"excerpt":{"rendered":"<p>ENTRE TORMENTAS. Con el objetivo de rendir homenaje a todas las mujeres que luchan contra&#8230;<\/p>\n","protected":false},"author":2,"featured_media":22119,"comment_status":"closed","ping_status":"open","sticky":false,"template":"","format":"standard","meta":{"footnotes":""},"categories":[57,1],"tags":[],"class_list":["post-22117","post","type-post","status-publish","format-standard","has-post-thumbnail","hentry","category-actualidad","category-regionales"],"_links":{"self":[{"href":"https:\/\/entretormentas.com\/index.php?rest_route=\/wp\/v2\/posts\/22117","targetHints":{"allow":["GET"]}}],"collection":[{"href":"https:\/\/entretormentas.com\/index.php?rest_route=\/wp\/v2\/posts"}],"about":[{"href":"https:\/\/entretormentas.com\/index.php?rest_route=\/wp\/v2\/types\/post"}],"author":[{"embeddable":true,"href":"https:\/\/entretormentas.com\/index.php?rest_route=\/wp\/v2\/users\/2"}],"replies":[{"embeddable":true,"href":"https:\/\/entretormentas.com\/index.php?rest_route=%2Fwp%2Fv2%2Fcomments&post=22117"}],"version-history":[{"count":1,"href":"https:\/\/entretormentas.com\/index.php?rest_route=\/wp\/v2\/posts\/22117\/revisions"}],"predecessor-version":[{"id":22120,"href":"https:\/\/entretormentas.com\/index.php?rest_route=\/wp\/v2\/posts\/22117\/revisions\/22120"}],"wp:featuredmedia":[{"embeddable":true,"href":"https:\/\/entretormentas.com\/index.php?rest_route=\/wp\/v2\/media\/22119"}],"wp:attachment":[{"href":"https:\/\/entretormentas.com\/index.php?rest_route=%2Fwp%2Fv2%2Fmedia&parent=22117"}],"wp:term":[{"taxonomy":"category","embeddable":true,"href":"https:\/\/entretormentas.com\/index.php?rest_route=%2Fwp%2Fv2%2Fcategories&post=22117"},{"taxonomy":"post_tag","embeddable":true,"href":"https:\/\/entretormentas.com\/index.php?rest_route=%2Fwp%2Fv2%2Ftags&post=22117"}],"curies":[{"name":"wp","href":"https:\/\/api.w.org\/{rel}","templated":true}]}}