{"id":22125,"date":"2025-09-20T06:37:32","date_gmt":"2025-09-20T10:37:32","guid":{"rendered":"https:\/\/entretormentas.com\/?p=22125"},"modified":"2025-09-20T06:37:33","modified_gmt":"2025-09-20T10:37:33","slug":"seguridad-ciudadana-alcaldia-de-maracaibo-coloca-luminarias-en-cuatro-kilometros-de-alumbrado-publico","status":"publish","type":"post","link":"https:\/\/entretormentas.com\/seguridad-ciudadana-alcaldia-de-maracaibo-coloca-luminarias-en-cuatro-kilometros-de-alumbrado-publico\/","title":{"rendered":"\u00a1SEGURIDAD CIUDADANA! Alcald\u00eda de Maracaibo coloca luminarias en cuatro kil\u00f3metros de alumbrado p\u00fablico"},"content":{"rendered":"\n<p><strong>ENTRE TORMENTAS. <\/strong>Las calles oscuras de Maracaibo comienzan a ver la luz, gracias al plan de iluminaci\u00f3n que ha emprendido el alcalde de Maracaibo, Giancarlo Di Martino, con la colocaci\u00f3n de luminarias en cuatro kil\u00f3metros de avenidas y distintos sectores de la ciudad a fin de garantizar la seguridad de la ciudadan\u00eda.<\/p>\n\n\n\n<p>La Directora de Asuntos El\u00e9ctricos, Aurimar Cordero, explic\u00f3 que los trabajos de instalaci\u00f3n de luminarias por parte de la Alcald\u00eda de Maracaibo abordaron arterias viales de gran transitabilidad permitiendo optimizar la visibilidad de peatones y conductores en horas de la noche.<\/p>\n\n\n\n<figure class=\"wp-block-image size-large\"><img fetchpriority=\"high\" decoding=\"async\" width=\"1024\" height=\"768\" src=\"https:\/\/entretormentas.com\/wp-content\/uploads\/2025\/09\/luminarias2-1024x768.jpeg\" alt=\"\" class=\"wp-image-22126\" srcset=\"https:\/\/entretormentas.com\/wp-content\/uploads\/2025\/09\/luminarias2-1024x768.jpeg 1024w, https:\/\/entretormentas.com\/wp-content\/uploads\/2025\/09\/luminarias2-300x225.jpeg 300w, https:\/\/entretormentas.com\/wp-content\/uploads\/2025\/09\/luminarias2-768x576.jpeg 768w, https:\/\/entretormentas.com\/wp-content\/uploads\/2025\/09\/luminarias2.jpeg 1280w\" sizes=\"(max-width: 1024px) 100vw, 1024px\" \/><\/figure>\n\n\n\n<p>Cordero afirm\u00f3 que el gobierno municipal rehabilit\u00f3 el alumbrado p\u00fablico de los sectores Santa Rosa de Agua, Puntica de Piedra, Mercado Altos de Jalisco, avenida 3H desde 5 de Julio hasta la calle 72, avenida 3D sector Don Bosco y Calle Carabobo en el casco central de Maracaibo. En los pr\u00f3ximos dias se colocar\u00e1n en 1 de Mayo.<\/p>\n\n\n\n<p>\u201cDurante las primeras semanas de septiembre la Direcci\u00f3n de Asuntos El\u00e9ctricos del municipio instal\u00f3 luminarias en 4 kil\u00f3metros de diferentes corredores viales marabinos, recuperando as\u00ed parte del alumbrado de la ciudad en la gesti\u00f3n del Alcalde Giancarlo Di Martino, en un trabajo conjunto con el gobierno nacional, a trav\u00e9s del apoyo de Corpoelect en cuanto a la debida autorizaci\u00f3n para colocarlas\u201d, destac\u00f3 Cordero.<\/p>\n\n\n\n<p>De esta manera, la Alcald\u00eda de Maracaibo bajo las directrices del presidente Nicol\u00e1s Maduro contin\u00faa fortaleciendo las pol\u00edticas sociales de la Revoluci\u00f3n Bolivariana en pro del beneficio de la colectividad marabina.<br><strong><em>ET \/ Prensa Alcald\u00eda de Maracaibo<\/em><\/strong><\/p>\n","protected":false},"excerpt":{"rendered":"<p>ENTRE TORMENTAS. Las calles oscuras de Maracaibo comienzan a ver la luz, gracias al plan&#8230;<\/p>\n","protected":false},"author":2,"featured_media":22127,"comment_status":"closed","ping_status":"open","sticky":false,"template":"","format":"standard","meta":{"footnotes":""},"categories":[57,1],"tags":[],"class_list":["post-22125","post","type-post","status-publish","format-standard","has-post-thumbnail","hentry","category-actualidad","category-regionales"],"_links":{"self":[{"href":"https:\/\/entretormentas.com\/index.php?rest_route=\/wp\/v2\/posts\/22125","targetHints":{"allow":["GET"]}}],"collection":[{"href":"https:\/\/entretormentas.com\/index.php?rest_route=\/wp\/v2\/posts"}],"about":[{"href":"https:\/\/entretormentas.com\/index.php?rest_route=\/wp\/v2\/types\/post"}],"author":[{"embeddable":true,"href":"https:\/\/entretormentas.com\/index.php?rest_route=\/wp\/v2\/users\/2"}],"replies":[{"embeddable":true,"href":"https:\/\/entretormentas.com\/index.php?rest_route=%2Fwp%2Fv2%2Fcomments&post=22125"}],"version-history":[{"count":1,"href":"https:\/\/entretormentas.com\/index.php?rest_route=\/wp\/v2\/posts\/22125\/revisions"}],"predecessor-version":[{"id":22128,"href":"https:\/\/entretormentas.com\/index.php?rest_route=\/wp\/v2\/posts\/22125\/revisions\/22128"}],"wp:featuredmedia":[{"embeddable":true,"href":"https:\/\/entretormentas.com\/index.php?rest_route=\/wp\/v2\/media\/22127"}],"wp:attachment":[{"href":"https:\/\/entretormentas.com\/index.php?rest_route=%2Fwp%2Fv2%2Fmedia&parent=22125"}],"wp:term":[{"taxonomy":"category","embeddable":true,"href":"https:\/\/entretormentas.com\/index.php?rest_route=%2Fwp%2Fv2%2Fcategories&post=22125"},{"taxonomy":"post_tag","embeddable":true,"href":"https:\/\/entretormentas.com\/index.php?rest_route=%2Fwp%2Fv2%2Ftags&post=22125"}],"curies":[{"name":"wp","href":"https:\/\/api.w.org\/{rel}","templated":true}]}}