{"id":22133,"date":"2025-09-20T06:47:21","date_gmt":"2025-09-20T10:47:21","guid":{"rendered":"https:\/\/entretormentas.com\/?p=22133"},"modified":"2025-09-20T06:47:22","modified_gmt":"2025-09-20T10:47:22","slug":"en-san-francisco-alcalde-hector-soto-anuncia-rehabilitacion-integral-de-la-carretera-via-perija","status":"publish","type":"post","link":"https:\/\/entretormentas.com\/en-san-francisco-alcalde-hector-soto-anuncia-rehabilitacion-integral-de-la-carretera-via-perija\/","title":{"rendered":"\u00a1EN SAN FRANCISCO! Alcalde H\u00e9ctor Soto anuncia rehabilitaci\u00f3n integral de la carretera v\u00eda Perij\u00e1"},"content":{"rendered":"\n<p><strong>ENTRE TORMENTAS.<\/strong> La noche del pasado jueves 18 de septiembre, tras realizar una inspecci\u00f3n a los trabajos de recuperaci\u00f3n vial que se vienen desarrollando a trav\u00e9s del Plan Cayapa Integral de los Servicios P\u00fablicos en la Avenida 48 v\u00eda La Ca\u00f1ada, el Alcalde de San Francisco, H\u00e9ctor Soto, anunci\u00f3 que, la semana entrante, se dar\u00e1 inicio a la rehabilitaci\u00f3n de la carretera v\u00eda Perij\u00e1.<\/p>\n\n\n\n<figure class=\"wp-block-image size-large\"><img fetchpriority=\"high\" decoding=\"async\" width=\"1024\" height=\"683\" src=\"https:\/\/entretormentas.com\/wp-content\/uploads\/2025\/09\/viaperija2-1024x683.jpeg\" alt=\"\" class=\"wp-image-22134\" srcset=\"https:\/\/entretormentas.com\/wp-content\/uploads\/2025\/09\/viaperija2-1024x683.jpeg 1024w, https:\/\/entretormentas.com\/wp-content\/uploads\/2025\/09\/viaperija2-300x200.jpeg 300w, https:\/\/entretormentas.com\/wp-content\/uploads\/2025\/09\/viaperija2-768x512.jpeg 768w, https:\/\/entretormentas.com\/wp-content\/uploads\/2025\/09\/viaperija2-1536x1025.jpeg 1536w, https:\/\/entretormentas.com\/wp-content\/uploads\/2025\/09\/viaperija2-2048x1367.jpeg 2048w\" sizes=\"(max-width: 1024px) 100vw, 1024px\" \/><\/figure>\n\n\n\n<p>Acompa\u00f1ado por el Poder Popular Organizado, los directores y enlaces del ayuntamiento sure\u00f1o, Soto destac\u00f3 que en la mencionada arteria vial se realizar\u00e1n importantes trabajos como son reasfaltado, iluminaci\u00f3n, instalaci\u00f3n de tachas reflectivas, pintura de brocales, demarcaci\u00f3n, ornato, se\u00f1alizaci\u00f3n y rehabilitaci\u00f3n del sistema de sem\u00e1foros; los cuales est\u00e1n inmersos en el Plan de las 7 Transformaciones de la Patria y cuyo objetivo es fortalecer la infraestructura de la ciudad.<\/p>\n\n\n\n<p>Sobre la v\u00eda inspecionada, Soto resalt\u00f3 que fueron casi ocho kil\u00f3metros intervenidos donde los cuatro niveles de Gobierno (nacional, regional, municipal y comunal), tuvieron su participaci\u00f3n activa y gracias a ello se beneficiar\u00e1n, no solo los habitantes de las cuatro parroquias que confluyen con esta carretera que son: San Francisco, Domitila Flores, Marcial Hern\u00e1ndez y Francisco Ochoa; sino tambi\u00e9n todos aquellos que transitan por esta v\u00eda diariamente.<\/p>\n\n\n\n<figure class=\"wp-block-image size-large\"><img decoding=\"async\" width=\"1024\" height=\"683\" src=\"https:\/\/entretormentas.com\/wp-content\/uploads\/2025\/09\/viaperija3-1024x683.jpeg\" alt=\"\" class=\"wp-image-22135\" srcset=\"https:\/\/entretormentas.com\/wp-content\/uploads\/2025\/09\/viaperija3-1024x683.jpeg 1024w, https:\/\/entretormentas.com\/wp-content\/uploads\/2025\/09\/viaperija3-300x200.jpeg 300w, https:\/\/entretormentas.com\/wp-content\/uploads\/2025\/09\/viaperija3-768x512.jpeg 768w, https:\/\/entretormentas.com\/wp-content\/uploads\/2025\/09\/viaperija3.jpeg 1124w\" sizes=\"(max-width: 1024px) 100vw, 1024px\" \/><\/figure>\n\n\n\n<p>En cuanto a las labores que se viene desarrollando en otras zonas de laocalidad, resalt\u00f3 que \u00abgracias al esfuerzo de nuestro Presidente Constitucional Nicol\u00e1s Maduro y del apoyo del hermano Gobernador, Luis Caldera, hemos venido trabajando adem\u00e1s en la la Avenida 5 de San Francisco y en la calle 171 de La Coromoto, las cuales ser\u00e1n reinauguradas pr\u00f3ximamente para el disfrute de los sanfranciscanos. No descansaremos hasta ver a San Francisco una ciudad potencia\u00bb.<br><strong><em>ET \/ Prensa Alcald\u00eda de San Francisco<\/em><\/strong><\/p>\n","protected":false},"excerpt":{"rendered":"<p>ENTRE TORMENTAS. La noche del pasado jueves 18 de septiembre, tras realizar una inspecci\u00f3n a&#8230;<\/p>\n","protected":false},"author":2,"featured_media":22136,"comment_status":"closed","ping_status":"open","sticky":false,"template":"","format":"standard","meta":{"footnotes":""},"categories":[56,1],"tags":[],"class_list":["post-22133","post","type-post","status-publish","format-standard","has-post-thumbnail","hentry","category-destacadas","category-regionales"],"_links":{"self":[{"href":"https:\/\/entretormentas.com\/index.php?rest_route=\/wp\/v2\/posts\/22133","targetHints":{"allow":["GET"]}}],"collection":[{"href":"https:\/\/entretormentas.com\/index.php?rest_route=\/wp\/v2\/posts"}],"about":[{"href":"https:\/\/entretormentas.com\/index.php?rest_route=\/wp\/v2\/types\/post"}],"author":[{"embeddable":true,"href":"https:\/\/entretormentas.com\/index.php?rest_route=\/wp\/v2\/users\/2"}],"replies":[{"embeddable":true,"href":"https:\/\/entretormentas.com\/index.php?rest_route=%2Fwp%2Fv2%2Fcomments&post=22133"}],"version-history":[{"count":1,"href":"https:\/\/entretormentas.com\/index.php?rest_route=\/wp\/v2\/posts\/22133\/revisions"}],"predecessor-version":[{"id":22137,"href":"https:\/\/entretormentas.com\/index.php?rest_route=\/wp\/v2\/posts\/22133\/revisions\/22137"}],"wp:featuredmedia":[{"embeddable":true,"href":"https:\/\/entretormentas.com\/index.php?rest_route=\/wp\/v2\/media\/22136"}],"wp:attachment":[{"href":"https:\/\/entretormentas.com\/index.php?rest_route=%2Fwp%2Fv2%2Fmedia&parent=22133"}],"wp:term":[{"taxonomy":"category","embeddable":true,"href":"https:\/\/entretormentas.com\/index.php?rest_route=%2Fwp%2Fv2%2Fcategories&post=22133"},{"taxonomy":"post_tag","embeddable":true,"href":"https:\/\/entretormentas.com\/index.php?rest_route=%2Fwp%2Fv2%2Ftags&post=22133"}],"curies":[{"name":"wp","href":"https:\/\/api.w.org\/{rel}","templated":true}]}}