{"id":22148,"date":"2025-09-20T07:02:02","date_gmt":"2025-09-20T11:02:02","guid":{"rendered":"https:\/\/entretormentas.com\/?p=22148"},"modified":"2025-09-20T07:02:02","modified_gmt":"2025-09-20T11:02:02","slug":"trabajando-gobernacion-del-zulia-ilumina-85-kilometros-de-la-avenida-intercomunal-de-la-col","status":"publish","type":"post","link":"https:\/\/entretormentas.com\/trabajando-gobernacion-del-zulia-ilumina-85-kilometros-de-la-avenida-intercomunal-de-la-col\/","title":{"rendered":"\u00a1TRABAJANDO! Gobernaci\u00f3n del Zulia Ilumina 85 kil\u00f3metros de la avenida Intercomunal de la COL"},"content":{"rendered":"\n<p><strong>ENTRE TORMENTAS. <\/strong>El Plan de Iluminaci\u00f3n Vial que se ejecuta en distintas carreteras, autopistas y corredores viales del Zulia, inici\u00f3 este jueves 18 de septiembre la intervenci\u00f3n de la Intercomunal de la Costa Oriental del Lago (COL), con un plan que contempla 85 kil\u00f3metros que benefician cinco municipios costeros de la entidad: Santa Rita, Cabimas, Sim\u00f3n Bol\u00edvar, Lagunillas y Valmore Rodr\u00edguez.<\/p>\n\n\n\n<p>Los trabajos, que buscan restaurar el alumbrado de esta arteria crucial para la COL, se ejecutan con una inversi\u00f3n conjunta entre el Gobierno Nacional del presidente Nicol\u00e1s Maduro, a trav\u00e9s del Ministerio del Poder Popular para la Energ\u00eda El\u00e9ctrica, la Gobernaci\u00f3n del Zulia y las alcald\u00edas involucradas.<\/p>\n\n\n\n<figure class=\"wp-block-image size-large\"><img fetchpriority=\"high\" decoding=\"async\" width=\"1024\" height=\"680\" src=\"https:\/\/entretormentas.com\/wp-content\/uploads\/2025\/09\/interco2-1024x680.jpeg\" alt=\"\" class=\"wp-image-22149\" srcset=\"https:\/\/entretormentas.com\/wp-content\/uploads\/2025\/09\/interco2-1024x680.jpeg 1024w, https:\/\/entretormentas.com\/wp-content\/uploads\/2025\/09\/interco2-300x199.jpeg 300w, https:\/\/entretormentas.com\/wp-content\/uploads\/2025\/09\/interco2-768x510.jpeg 768w, https:\/\/entretormentas.com\/wp-content\/uploads\/2025\/09\/interco2.jpeg 1280w\" sizes=\"(max-width: 1024px) 100vw, 1024px\" \/><\/figure>\n\n\n\n<p>El plan se extiende desde el Puente GJ Rafael Urdaneta hasta el municipio Valmore Rodr\u00edguez y tiene como objetivo principal mejorar la seguridad y transitabilidad para los usuarios particulares, el transporte p\u00fablico y el de carga pesada; adem\u00e1s de impulsar la reactivaci\u00f3n de las actividades petroleras en la regi\u00f3n.<\/p>\n\n\n\n<p>El arranque de los trabajos tuvo lugar en la intersecci\u00f3n de los municipios Santa Rita y Cabimas, con la supervisi\u00f3n del secretario de Asuntos El\u00e9ctricos, Rafael Colmen\u00e1rez en representaci\u00f3n del gobernador Luis Caldera.<\/p>\n\n\n\n<p>Explic\u00f3 Colmen\u00e1rez que el plan incluye la instalaci\u00f3n de nuevos postes, luminarias de 300 W y el cableado necesario. Asegur\u00f3 que la instrucci\u00f3n del mandatario regional es devolver a la COL la Intercomunal completamente iluminada.<\/p>\n\n\n\n<figure class=\"wp-block-image size-large\"><img decoding=\"async\" width=\"1024\" height=\"680\" src=\"https:\/\/entretormentas.com\/wp-content\/uploads\/2025\/09\/interco3-1024x680.jpeg\" alt=\"\" class=\"wp-image-22150\" srcset=\"https:\/\/entretormentas.com\/wp-content\/uploads\/2025\/09\/interco3-1024x680.jpeg 1024w, https:\/\/entretormentas.com\/wp-content\/uploads\/2025\/09\/interco3-300x199.jpeg 300w, https:\/\/entretormentas.com\/wp-content\/uploads\/2025\/09\/interco3-768x510.jpeg 768w, https:\/\/entretormentas.com\/wp-content\/uploads\/2025\/09\/interco3.jpeg 1280w\" sizes=\"(max-width: 1024px) 100vw, 1024px\" \/><\/figure>\n\n\n\n<p>Por su parte, el alcalde de Cabimas, Frank Carre\u00f1o, subray\u00f3 que esta iniciativa es una directriz del presidente Maduro y del gobernador Caldera, quien tambi\u00e9n autoriz\u00f3 la iluminaci\u00f3n del casco central y la avenida 34 de su municipio.<\/p>\n\n\n\n<p>Tambi\u00e9n, la alcaldesa de Santa Rita, Liz Pi\u00f1a, destac\u00f3 que la obra contribuir\u00e1 a que los habitantes de la zona disfruten unas \u00abnavidades seguras y en paz\u00bb.<\/p>\n\n\n\n<p>La recuperaci\u00f3n de la avenida Intercomunal, con su fuerte arraigo petrolero, es vista como una medida fundamental para el desarrollo socio -productivo de la regi\u00f3n.<br><strong><em>ET \/ Nota de Prensa<\/em><\/strong><\/p>\n\n\n\n<p><\/p>\n","protected":false},"excerpt":{"rendered":"<p>ENTRE TORMENTAS. El Plan de Iluminaci\u00f3n Vial que se ejecuta en distintas carreteras, autopistas y&#8230;<\/p>\n","protected":false},"author":2,"featured_media":22151,"comment_status":"closed","ping_status":"open","sticky":false,"template":"","format":"standard","meta":{"footnotes":""},"categories":[56,1],"tags":[],"class_list":["post-22148","post","type-post","status-publish","format-standard","has-post-thumbnail","hentry","category-destacadas","category-regionales"],"_links":{"self":[{"href":"https:\/\/entretormentas.com\/index.php?rest_route=\/wp\/v2\/posts\/22148","targetHints":{"allow":["GET"]}}],"collection":[{"href":"https:\/\/entretormentas.com\/index.php?rest_route=\/wp\/v2\/posts"}],"about":[{"href":"https:\/\/entretormentas.com\/index.php?rest_route=\/wp\/v2\/types\/post"}],"author":[{"embeddable":true,"href":"https:\/\/entretormentas.com\/index.php?rest_route=\/wp\/v2\/users\/2"}],"replies":[{"embeddable":true,"href":"https:\/\/entretormentas.com\/index.php?rest_route=%2Fwp%2Fv2%2Fcomments&post=22148"}],"version-history":[{"count":1,"href":"https:\/\/entretormentas.com\/index.php?rest_route=\/wp\/v2\/posts\/22148\/revisions"}],"predecessor-version":[{"id":22152,"href":"https:\/\/entretormentas.com\/index.php?rest_route=\/wp\/v2\/posts\/22148\/revisions\/22152"}],"wp:featuredmedia":[{"embeddable":true,"href":"https:\/\/entretormentas.com\/index.php?rest_route=\/wp\/v2\/media\/22151"}],"wp:attachment":[{"href":"https:\/\/entretormentas.com\/index.php?rest_route=%2Fwp%2Fv2%2Fmedia&parent=22148"}],"wp:term":[{"taxonomy":"category","embeddable":true,"href":"https:\/\/entretormentas.com\/index.php?rest_route=%2Fwp%2Fv2%2Fcategories&post=22148"},{"taxonomy":"post_tag","embeddable":true,"href":"https:\/\/entretormentas.com\/index.php?rest_route=%2Fwp%2Fv2%2Ftags&post=22148"}],"curies":[{"name":"wp","href":"https:\/\/api.w.org\/{rel}","templated":true}]}}