{"id":22153,"date":"2025-09-21T06:28:36","date_gmt":"2025-09-21T10:28:36","guid":{"rendered":"https:\/\/entretormentas.com\/?p=22153"},"modified":"2025-09-21T06:28:37","modified_gmt":"2025-09-21T10:28:37","slug":"actividades-todos-los-fines-de-semana-alcaldia-de-san-francisco-revive-sus-tardes-culturales","status":"publish","type":"post","link":"https:\/\/entretormentas.com\/actividades-todos-los-fines-de-semana-alcaldia-de-san-francisco-revive-sus-tardes-culturales\/","title":{"rendered":"\u00a1ACTIVIDADES TODOS LOS FINES DE SEMANA! Alcald\u00eda de San Francisco revive sus Tardes Culturales"},"content":{"rendered":"\n<p><strong>ENTRE TORMENTAS.<\/strong> De viernes a domingos a partir de las 6:00\u202fde la tarde y desde la emblem\u00e1tica Concha Ac\u00fastica del Instituto de Cultura \u201cJuan\u202fde\u202fDios\u202fMart\u00ednez\u00bb, las familias sanfranciscanas podr\u00e1n disfrutar de actividades llenas de ritmo y cultura, organizadas por la Alcald\u00eda del municipio San\u202fFrancisco.<\/p>\n\n\n\n<p>En esta edici\u00f3n de \u00abTardes Culturales\u00bb, los presentes tendr\u00e1n la oportunidad de disfrutar de la buena m\u00fasica de la banda Ensamble Criollo Sim\u00f3n\u202fD\u00edaz y la presentaci\u00f3n del cuerpo de danza del Centro Cultural Dalia\u202fde\u202fFern\u00e1ndez junto con la Escuela de Baile \u201cAcuarela\u201d, quienes ser\u00e1n los encargados de llenar el escenario con encanto nacional.<\/p>\n\n\n\n<figure class=\"wp-block-image size-large\"><img fetchpriority=\"high\" decoding=\"async\" width=\"1024\" height=\"682\" src=\"https:\/\/entretormentas.com\/wp-content\/uploads\/2025\/09\/culturales2-1024x682.jpeg\" alt=\"\" class=\"wp-image-22154\" srcset=\"https:\/\/entretormentas.com\/wp-content\/uploads\/2025\/09\/culturales2-1024x682.jpeg 1024w, https:\/\/entretormentas.com\/wp-content\/uploads\/2025\/09\/culturales2-300x200.jpeg 300w, https:\/\/entretormentas.com\/wp-content\/uploads\/2025\/09\/culturales2-768x511.jpeg 768w, https:\/\/entretormentas.com\/wp-content\/uploads\/2025\/09\/culturales2.jpeg 1280w\" sizes=\"(max-width: 1024px) 100vw, 1024px\" \/><\/figure>\n\n\n\n<p>Con estas actividades, desarrolladas por el Instituto de Cultura \u00abJuan de Dios Mart\u00ednez\u00bb, la gesti\u00f3n del Alcalde H\u00e9ctor\u202fSoto, siguiendo los lineamientos del Presidente Constitucional Nicol\u00e1s\u202fMaduro y el Gobernador del estado Zulia, Luis Caldera, busca rescatar los valores culturales en el municipio y ofrecer a la poblaci\u00f3n oportunidades para la recreaci\u00f3n, sano esparcimiento y el cultivo del nacionalismo.<\/p>\n\n\n\n<p>Las Tardes Culturales se consolidan como una plataforma para enaltecer las ra\u00edces venezolanas, visibilizar el talento comunitario y construir ciudadan\u00eda desde la belleza del arte.<br><strong><em>ET \/ Prensa Alcald\u00eda de San Francisco<\/em><\/strong><\/p>\n","protected":false},"excerpt":{"rendered":"<p>ENTRE TORMENTAS. De viernes a domingos a partir de las 6:00\u202fde la tarde y desde&#8230;<\/p>\n","protected":false},"author":2,"featured_media":22155,"comment_status":"closed","ping_status":"open","sticky":false,"template":"","format":"standard","meta":{"footnotes":""},"categories":[57,1],"tags":[],"class_list":["post-22153","post","type-post","status-publish","format-standard","has-post-thumbnail","hentry","category-actualidad","category-regionales"],"_links":{"self":[{"href":"https:\/\/entretormentas.com\/index.php?rest_route=\/wp\/v2\/posts\/22153","targetHints":{"allow":["GET"]}}],"collection":[{"href":"https:\/\/entretormentas.com\/index.php?rest_route=\/wp\/v2\/posts"}],"about":[{"href":"https:\/\/entretormentas.com\/index.php?rest_route=\/wp\/v2\/types\/post"}],"author":[{"embeddable":true,"href":"https:\/\/entretormentas.com\/index.php?rest_route=\/wp\/v2\/users\/2"}],"replies":[{"embeddable":true,"href":"https:\/\/entretormentas.com\/index.php?rest_route=%2Fwp%2Fv2%2Fcomments&post=22153"}],"version-history":[{"count":1,"href":"https:\/\/entretormentas.com\/index.php?rest_route=\/wp\/v2\/posts\/22153\/revisions"}],"predecessor-version":[{"id":22156,"href":"https:\/\/entretormentas.com\/index.php?rest_route=\/wp\/v2\/posts\/22153\/revisions\/22156"}],"wp:featuredmedia":[{"embeddable":true,"href":"https:\/\/entretormentas.com\/index.php?rest_route=\/wp\/v2\/media\/22155"}],"wp:attachment":[{"href":"https:\/\/entretormentas.com\/index.php?rest_route=%2Fwp%2Fv2%2Fmedia&parent=22153"}],"wp:term":[{"taxonomy":"category","embeddable":true,"href":"https:\/\/entretormentas.com\/index.php?rest_route=%2Fwp%2Fv2%2Fcategories&post=22153"},{"taxonomy":"post_tag","embeddable":true,"href":"https:\/\/entretormentas.com\/index.php?rest_route=%2Fwp%2Fv2%2Ftags&post=22153"}],"curies":[{"name":"wp","href":"https:\/\/api.w.org\/{rel}","templated":true}]}}