{"id":22157,"date":"2025-09-21T06:32:17","date_gmt":"2025-09-21T10:32:17","guid":{"rendered":"https:\/\/entretormentas.com\/?p=22157"},"modified":"2025-09-21T06:32:17","modified_gmt":"2025-09-21T10:32:17","slug":"los-cuarteles-van-al-pueblo-comunas-de-maracaibo-se-entrenan-para-la-defensa-integral-de-la-nacion","status":"publish","type":"post","link":"https:\/\/entretormentas.com\/los-cuarteles-van-al-pueblo-comunas-de-maracaibo-se-entrenan-para-la-defensa-integral-de-la-nacion\/","title":{"rendered":"\u00a1LOS CUARTELES VAN AL PUEBLO! Comunas de Maracaibo se entrenan para la defensa integral de la naci\u00f3n"},"content":{"rendered":"\n<p><strong>ENTRE TORMENTAS.<\/strong> En Maracaibo se activaron las comunas y circuitos comunales para recibir a efectivos de la Fuerza Armada Nacional Bolivariana (FANB) como parte de la jornada \u201cLos cuarteles van al pueblo\u201d, convocada por el presidente de Nicol\u00e1s Maduro Moros para fortalecer la defensa de la patria, as\u00ed lo inform\u00f3 Arnoldo Olivares, el director general de la Alcald\u00eda de Maracaibo.<\/p>\n\n\n\n<p>Destac\u00f3 Olivares que la jornada nacional Los Cuarteles Van al Pueblo representa una clara demostraci\u00f3n para el mundo de que Venezuela es una revoluci\u00f3n profundamente pac\u00edfica, pero con un pueblo consciente, organizado y dispuesto a defender la Patria ante cualquier eventualidad, esto frente a las amenazas imperiales por parte del Gobierno de Estados Unidos<\/p>\n\n\n\n<p>Fue enf\u00e1tico al afirmar que en Maracaibo el \u00d3rgano de Defensa Integral (ODI), liderada por Giancarlo Di Martino, como alcalde y como jefe pol\u00edtico del PSUV, junto a su equipo de gobierno, quienes participan como enlaces en cada parroquia, donde las comunas dieron una respuesta contundente a lo que calific\u00f3 como amenazas y agresiones con la pretensi\u00f3n de desestabilizar el pa\u00eds.<\/p>\n\n\n\n<p>Esta directriz tambi\u00e9n cont\u00f3 con el respaldo del pueblo pescador, de la Gobernaci\u00f3n del Zulia, a cargo de Luis Caldera, del Consejo Legislativo del Zulia, presidido por Magdelys Valbuena y el Concejo Municipal de Maracaibo que preside Jessy Gasc\u00f3n con los el equipo de concejales de la patria.<\/p>\n\n\n\n<figure class=\"wp-block-image size-full\"><img fetchpriority=\"high\" decoding=\"async\" width=\"723\" height=\"614\" src=\"https:\/\/entretormentas.com\/wp-content\/uploads\/2025\/09\/comunamilitar2.jpeg\" alt=\"\" class=\"wp-image-22158\" srcset=\"https:\/\/entretormentas.com\/wp-content\/uploads\/2025\/09\/comunamilitar2.jpeg 723w, https:\/\/entretormentas.com\/wp-content\/uploads\/2025\/09\/comunamilitar2-300x255.jpeg 300w\" sizes=\"(max-width: 723px) 100vw, 723px\" \/><\/figure>\n\n\n\n<p><strong>LEALTAD ABSOLUTA<\/strong><br>La soci\u00f3loga Liuba Colmenares, enlace municipal de la Alcald\u00eda de Maracaibo detall\u00f3 que en la parroquia Ra\u00fal Leoni se reunieron en la unidad educativa Cosme Gonz\u00e1lez para cumplir la orden de operaciones, a recibir la instrucci\u00f3n de las Fuerzas Armadas Bolivarianas en perfecta uni\u00f3n c\u00edvico-militar, en coordinaci\u00f3n con el \u00d3rgano de Defensa Integral (ODI), bajo la direcci\u00f3n del alcalde Giancarlo Di Martino, quien adem\u00e1s es el jefe pol\u00edtico del PSUV en el Municipio Maracaibo.<\/p>\n\n\n\n<p>Agreg\u00f3 Colmenares que en la actividad participaron \u201cla milicia, la polic\u00eda, los l\u00edderes de calle, de la UBCH, todo el equipo pol\u00edtico, fuerzas organizadas, en una sola voz, para garantizar y decirle al mundo que estamos dispuestos a la defensa de la patria\u201d.<\/p>\n\n\n\n<p>Precis\u00f3 que en el desarrollo de la jornada \u201chubo pr\u00e1cticas acerca de las maniobras militares. Hablamos sobre las transformaciones, con \u00e9nfasis en la 3era T, que habla sobre la soberan\u00eda y la defensa de la patria. Em conclusi\u00f3n se cumpli\u00f3 con una actividad afectuosa, amorosa, como funci\u00f3n sociocomunitaria, donde conjuntamente con directores de la alcald\u00eda, equipos pol\u00edticos, compartimos en un ambiente de unidad fraterna con todos nuestros l\u00edderes\u201d.<\/p>\n\n\n\n<p>Para concluir enfatiz\u00f3 que la consigna del pueblo patriota de Maracaibo es lealtad absoluta al presidente Nicol\u00e1s Maduro, y en defensa de la soberan\u00eda nacional.<br><strong><em>ET \/ Nota de Prensa<\/em><\/strong><\/p>\n\n\n\n<p><\/p>\n","protected":false},"excerpt":{"rendered":"<p>ENTRE TORMENTAS. En Maracaibo se activaron las comunas y circuitos comunales para recibir a efectivos&#8230;<\/p>\n","protected":false},"author":2,"featured_media":22159,"comment_status":"closed","ping_status":"open","sticky":false,"template":"","format":"standard","meta":{"footnotes":""},"categories":[57,1],"tags":[],"class_list":["post-22157","post","type-post","status-publish","format-standard","has-post-thumbnail","hentry","category-actualidad","category-regionales"],"_links":{"self":[{"href":"https:\/\/entretormentas.com\/index.php?rest_route=\/wp\/v2\/posts\/22157","targetHints":{"allow":["GET"]}}],"collection":[{"href":"https:\/\/entretormentas.com\/index.php?rest_route=\/wp\/v2\/posts"}],"about":[{"href":"https:\/\/entretormentas.com\/index.php?rest_route=\/wp\/v2\/types\/post"}],"author":[{"embeddable":true,"href":"https:\/\/entretormentas.com\/index.php?rest_route=\/wp\/v2\/users\/2"}],"replies":[{"embeddable":true,"href":"https:\/\/entretormentas.com\/index.php?rest_route=%2Fwp%2Fv2%2Fcomments&post=22157"}],"version-history":[{"count":1,"href":"https:\/\/entretormentas.com\/index.php?rest_route=\/wp\/v2\/posts\/22157\/revisions"}],"predecessor-version":[{"id":22160,"href":"https:\/\/entretormentas.com\/index.php?rest_route=\/wp\/v2\/posts\/22157\/revisions\/22160"}],"wp:featuredmedia":[{"embeddable":true,"href":"https:\/\/entretormentas.com\/index.php?rest_route=\/wp\/v2\/media\/22159"}],"wp:attachment":[{"href":"https:\/\/entretormentas.com\/index.php?rest_route=%2Fwp%2Fv2%2Fmedia&parent=22157"}],"wp:term":[{"taxonomy":"category","embeddable":true,"href":"https:\/\/entretormentas.com\/index.php?rest_route=%2Fwp%2Fv2%2Fcategories&post=22157"},{"taxonomy":"post_tag","embeddable":true,"href":"https:\/\/entretormentas.com\/index.php?rest_route=%2Fwp%2Fv2%2Ftags&post=22157"}],"curies":[{"name":"wp","href":"https:\/\/api.w.org\/{rel}","templated":true}]}}