{"id":22161,"date":"2025-09-21T06:35:33","date_gmt":"2025-09-21T10:35:33","guid":{"rendered":"https:\/\/entretormentas.com\/?p=22161"},"modified":"2025-09-21T06:35:34","modified_gmt":"2025-09-21T10:35:34","slug":"con-el-concejal-alejandro-fernandez-al-frente-brindan-amor-y-esperanza-por-el-lago-en-el-dia-mundial-de-las-playas","status":"publish","type":"post","link":"https:\/\/entretormentas.com\/con-el-concejal-alejandro-fernandez-al-frente-brindan-amor-y-esperanza-por-el-lago-en-el-dia-mundial-de-las-playas\/","title":{"rendered":"\u00a1CON EL CONCEJAL ALEJANDRO FERN\u00c1NDEZ AL FRENTE! Brindan amor y esperanza por el Lago en el D\u00eda Mundial de las Playas"},"content":{"rendered":"\n<p><strong>ENTRE TORMENTAS. <\/strong>En un \u00abtodos para uno y uno para todos\u00bb decenas de personas se unieron este s\u00e1bado en una excelente causa en defensa del ambiente, cuando en una jornada en distintos sitios de las riberas del Lago de Maracaibo, el \u00abD\u00eda Mundial de las Playas\u00bb, desarrollado por voluntarios del sector p\u00fablico y privado, permiti\u00f3 la recolecci\u00f3n de toneladas de desechos s\u00f3lidos.<\/p>\n\n\n\n<p>Cada&nbsp;tercer s\u00e1bado de septiembre&nbsp;se celebra el \u00abD\u00eda Mundial de las Playas\u00bb, que busca concienciar sobre la importancia de proteger los ecosistemas costeros en una iniciativa que surgi\u00f3 en 1986, a cargo del Centro de Conservaci\u00f3n Marina de los Estados Unidos como una forma de resaltar la limpieza de las playas en nuestro planeta.<\/p>\n\n\n\n<p>Alejandro Fern\u00e1ndez, concejal de Maracaibo, liderando a un grupo de j\u00f3venes fue uno de los asistentes en esta jornada ambiental de recolecci\u00f3n de desechos s\u00f3lidos que son vertidos al lago, a quienes les correspondi\u00f3 limpiar de contaminantes las orillas del estuario en los alrededores de La Vereda III.<\/p>\n\n\n\n<p>\u00abEn nuestra responsabilidad desde el Concejo Municipal de Maracaibo para lo que fuimos electos, participamos en esta importante actividad de recolecci\u00f3n de pl\u00e1stico, vidrio, trapos, anime y otros desechos en toda esta costa de La Vereda del Lago III\u00bb, dijo Fern\u00e1ndez.<\/p>\n\n\n\n<figure class=\"wp-block-image size-full\"><img fetchpriority=\"high\" decoding=\"async\" width=\"645\" height=\"1023\" src=\"https:\/\/entretormentas.com\/wp-content\/uploads\/2025\/09\/concejallago1.jpeg\" alt=\"\" class=\"wp-image-22162\" srcset=\"https:\/\/entretormentas.com\/wp-content\/uploads\/2025\/09\/concejallago1.jpeg 645w, https:\/\/entretormentas.com\/wp-content\/uploads\/2025\/09\/concejallago1-189x300.jpeg 189w\" sizes=\"(max-width: 645px) 100vw, 645px\" \/><\/figure>\n\n\n\n<p>Entre los voluntarios dotados de guantes, palas, rastrillos, carretillas y bolsas para recolectar los desechos, Alejandro Fern\u00e1ndez destac\u00f3 la presencia de organismos p\u00fablicos y privados que le asignan prioridad a este tipo de jornada, porque el problema de la descontaminaci\u00f3n no le corresponde a nadie en particular, sino que es una tarea de todos.<\/p>\n\n\n\n<p>\u00abGracias\u00bb, dijo, a Zulia Recicla, Femsa, Mundo Magic, Coca-Cola y otras empresas que pudo lograrse en este sector recoger m\u00e1s de cien kilos de desechos. La actividad permiti\u00f3 atender ese espacio, pero m\u00e1s all\u00e1 de ese esfuerzo lo que queremos es mantener una campa\u00f1a de concienciaci\u00f3n.<\/p>\n\n\n\n<p>\u00abLo que conseguimos y sacamos del lago fue asombroso. No tiene comparaci\u00f3n, porque no puede ser que blisters de medicamentos, juguetes o botellas completas con l\u00edquido vayan a terminar a las aguas del lago. \u00bfQu\u00e9 tanto puede costar botar la basura en su lugar?. No tirarla a sus aguas cuando el lago es expresi\u00f3n de amor, religiosidad y esperanza.<\/p>\n\n\n\n<p>\u00abEn el lago descansa uno de los puentes de concreto m\u00e1s grandes del mundo donde adem\u00e1s apareci\u00f3 la tablita de La Virgen de Chiquinquir\u00e1. \u00bfC\u00f3mo podemos ayudar a solucionar?.<\/p>\n\n\n\n<p>\u00abHaciendo esta actividad cada tres meses y que no s\u00f3lo se quede en la acci\u00f3n, sino en la concienciaci\u00f3n a la par con la acci\u00f3n, es decir, unos recogiendo y otros desde los colegios, centros comerciales y restaurantes, por ejemplo, sabiendo botar los desechos donde van y no permitir que lleguen al Lago de Maracaibo\u00bb.<br><strong><em>ET \/ Nota de Prensa<\/em><\/strong><\/p>\n","protected":false},"excerpt":{"rendered":"<p>ENTRE TORMENTAS. En un \u00abtodos para uno y uno para todos\u00bb decenas de personas se&#8230;<\/p>\n","protected":false},"author":2,"featured_media":22163,"comment_status":"closed","ping_status":"open","sticky":false,"template":"","format":"standard","meta":{"footnotes":""},"categories":[57,1],"tags":[],"class_list":["post-22161","post","type-post","status-publish","format-standard","has-post-thumbnail","hentry","category-actualidad","category-regionales"],"_links":{"self":[{"href":"https:\/\/entretormentas.com\/index.php?rest_route=\/wp\/v2\/posts\/22161","targetHints":{"allow":["GET"]}}],"collection":[{"href":"https:\/\/entretormentas.com\/index.php?rest_route=\/wp\/v2\/posts"}],"about":[{"href":"https:\/\/entretormentas.com\/index.php?rest_route=\/wp\/v2\/types\/post"}],"author":[{"embeddable":true,"href":"https:\/\/entretormentas.com\/index.php?rest_route=\/wp\/v2\/users\/2"}],"replies":[{"embeddable":true,"href":"https:\/\/entretormentas.com\/index.php?rest_route=%2Fwp%2Fv2%2Fcomments&post=22161"}],"version-history":[{"count":1,"href":"https:\/\/entretormentas.com\/index.php?rest_route=\/wp\/v2\/posts\/22161\/revisions"}],"predecessor-version":[{"id":22164,"href":"https:\/\/entretormentas.com\/index.php?rest_route=\/wp\/v2\/posts\/22161\/revisions\/22164"}],"wp:featuredmedia":[{"embeddable":true,"href":"https:\/\/entretormentas.com\/index.php?rest_route=\/wp\/v2\/media\/22163"}],"wp:attachment":[{"href":"https:\/\/entretormentas.com\/index.php?rest_route=%2Fwp%2Fv2%2Fmedia&parent=22161"}],"wp:term":[{"taxonomy":"category","embeddable":true,"href":"https:\/\/entretormentas.com\/index.php?rest_route=%2Fwp%2Fv2%2Fcategories&post=22161"},{"taxonomy":"post_tag","embeddable":true,"href":"https:\/\/entretormentas.com\/index.php?rest_route=%2Fwp%2Fv2%2Ftags&post=22161"}],"curies":[{"name":"wp","href":"https:\/\/api.w.org\/{rel}","templated":true}]}}