{"id":22165,"date":"2025-09-21T06:39:57","date_gmt":"2025-09-21T10:39:57","guid":{"rendered":"https:\/\/entretormentas.com\/?p=22165"},"modified":"2025-09-21T06:39:57","modified_gmt":"2025-09-21T10:39:57","slug":"en-defensa-de-la-soberania-pueblo-pescador-del-zulia-eleva-su-voz-junto-al-gobernador-caldera-y-la-fanb","status":"publish","type":"post","link":"https:\/\/entretormentas.com\/en-defensa-de-la-soberania-pueblo-pescador-del-zulia-eleva-su-voz-junto-al-gobernador-caldera-y-la-fanb\/","title":{"rendered":"\u00a1EN DEFENSA DE LA SOBERAN\u00cdA! Pueblo pescador del Zulia eleva su voz junto al gobernador Caldera y la FANB"},"content":{"rendered":"\n<p><strong>ENTRE TORMENTAS.<\/strong> El pueblo pescador del Zulia, en sus peque\u00f1as embarcaciones de faena, escenific\u00f3 una marcha lacustre en el Lago de Maracaibo junto a su gobernador Luis Caldera, la Fuerza Armada Nacional Bolivariana (FANB) acantonada en la entidad y comunas pesqueras, para elevar su voz y levantar la bandera nacional en defensa de la soberan\u00eda, la paz y el derecho de los venezolanos a existir como naci\u00f3n independiente.<\/p>\n\n\n\n<p>La actividad se inici\u00f3 desde el Espacio de Paz y Vida, ubicado en el sector Capit\u00e1n Chico, donde la fuerza pescadora junto al mandatario regional; la presidenta del Consejo Legislativo del Zulia (Clez); el diputado a la Asamblea Nacional Francisco Torrealba, los comandantes de la Redi-Occidente, MG Pedro Gonz\u00e1lez; de la Zodi-Zulia, GD Javier Magallanes y de la Zona 11 de la GNB, GB Jos\u00e9 Viloria, realizaron la navegaci\u00f3n hasta Santa Rosa de Agua, parroquia Coquivacoa.<\/p>\n\n\n\n<figure class=\"wp-block-image size-large\"><img fetchpriority=\"high\" decoding=\"async\" width=\"1024\" height=\"683\" src=\"https:\/\/entretormentas.com\/wp-content\/uploads\/2025\/09\/pueblopescador2-1024x683.jpeg\" alt=\"\" class=\"wp-image-22166\" srcset=\"https:\/\/entretormentas.com\/wp-content\/uploads\/2025\/09\/pueblopescador2-1024x683.jpeg 1024w, https:\/\/entretormentas.com\/wp-content\/uploads\/2025\/09\/pueblopescador2-300x200.jpeg 300w, https:\/\/entretormentas.com\/wp-content\/uploads\/2025\/09\/pueblopescador2-768x512.jpeg 768w, https:\/\/entretormentas.com\/wp-content\/uploads\/2025\/09\/pueblopescador2.jpeg 1280w\" sizes=\"(max-width: 1024px) 100vw, 1024px\" \/><\/figure>\n\n\n\n<p>El gobernador expres\u00f3 que el Zulia sigue movilizado cada fin de semana con mayor conciencia, entusiasmo y esperanza, en defensa de la soberan\u00eda y la paz junto al presidente Nicol\u00e1s Maduro.<\/p>\n\n\n\n<p>\u201cDesde el Lago de Maracaibo, como hace 202 a\u00f1os en esa Batalla Naval que cerr\u00f3 la independencia de Venezuela, con los h\u00e9roes y hero\u00ednas del lago, del mar nuestros pescadores y pescadores en perfecta uni\u00f3n policial-militar-popular, estamos en defensa de la soberan\u00eda, de la biodiversidad, por el derecho a la paz\u201d, enfatiz\u00f3 el mandatario zuliano.<\/p>\n\n\n\n<p>El diputado Torrealba resalt\u00f3 la participaci\u00f3n masiva de los trabajadores de la pesca en eta manifestaci\u00f3n que, refiri\u00f3, es la primera actividad sectorial del Consejo Nacional de Defensa de la Soberan\u00eda y la Paz, creada para el resguardo del territorio frente a las agresiones del gobierno de los Estados Unidos.<\/p>\n\n\n\n<figure class=\"wp-block-image size-large\"><img decoding=\"async\" width=\"1024\" height=\"683\" src=\"https:\/\/entretormentas.com\/wp-content\/uploads\/2025\/09\/pueblopescador3-1024x683.jpeg\" alt=\"\" class=\"wp-image-22167\" srcset=\"https:\/\/entretormentas.com\/wp-content\/uploads\/2025\/09\/pueblopescador3-1024x683.jpeg 1024w, https:\/\/entretormentas.com\/wp-content\/uploads\/2025\/09\/pueblopescador3-300x200.jpeg 300w, https:\/\/entretormentas.com\/wp-content\/uploads\/2025\/09\/pueblopescador3-768x512.jpeg 768w, https:\/\/entretormentas.com\/wp-content\/uploads\/2025\/09\/pueblopescador3.jpeg 1280w\" sizes=\"(max-width: 1024px) 100vw, 1024px\" \/><\/figure>\n\n\n\n<p>\u201cEsta actividad ten\u00eda que estar vinculada con los trabajadores y las trabajadoras de la pesca, porque ellos han sido agredidos en el mar Caribe. Est\u00e1n siendo atacados como si fueran objetivos de guerra por un gobierno que no tiene ning\u00fan tipo de escr\u00fapulos y que est\u00e1 utilizando esas armas de guerra con simples pescadores que salen a faenar para proveer los alimentos de su familia y de su pueblo\u201d, sostuvo el parlamentario.<br>Destac\u00f3 que Venezuela es una naci\u00f3n de paz y que el pueblo est\u00e1 unido sin distingo de ning\u00fan tipo, sino dentro del amor por la soberan\u00eda del pa\u00eds y en torno a una sola bandera, listos para defender la Patria.<\/p>\n\n\n\n<p>La vocera del Consejo presidencial de Pescadores y Pescadoras en el Zulia, Mar\u00eda D\u00edaz, manifest\u00f3 que, como hombres y mujeres de faena pesquera, que trabajan a diario en el Lago, las costas, los r\u00edos y que surcan el mar Caribe, son y seguir\u00e1n siendo los centinelas de las aguas que solo les pertenecen a los venezolanos.<\/p>\n\n\n\n<p>\u201cEstamos fusionados con el pueblo militar-policial y le decimos al mundo que Venezuela se respeta, que cubrimos todas nuestras costas, todos los movimientos que sean amenaza. Estamos en defensa de nuestra patria Venezuela\u201d, apostill\u00f3.<br><strong><em>ET \/ Nota de Prensa<\/em><\/strong><\/p>\n","protected":false},"excerpt":{"rendered":"<p>ENTRE TORMENTAS. El pueblo pescador del Zulia, en sus peque\u00f1as embarcaciones de faena, escenific\u00f3 una&#8230;<\/p>\n","protected":false},"author":2,"featured_media":22168,"comment_status":"closed","ping_status":"open","sticky":false,"template":"","format":"standard","meta":{"footnotes":""},"categories":[57,1],"tags":[],"class_list":["post-22165","post","type-post","status-publish","format-standard","has-post-thumbnail","hentry","category-actualidad","category-regionales"],"_links":{"self":[{"href":"https:\/\/entretormentas.com\/index.php?rest_route=\/wp\/v2\/posts\/22165","targetHints":{"allow":["GET"]}}],"collection":[{"href":"https:\/\/entretormentas.com\/index.php?rest_route=\/wp\/v2\/posts"}],"about":[{"href":"https:\/\/entretormentas.com\/index.php?rest_route=\/wp\/v2\/types\/post"}],"author":[{"embeddable":true,"href":"https:\/\/entretormentas.com\/index.php?rest_route=\/wp\/v2\/users\/2"}],"replies":[{"embeddable":true,"href":"https:\/\/entretormentas.com\/index.php?rest_route=%2Fwp%2Fv2%2Fcomments&post=22165"}],"version-history":[{"count":1,"href":"https:\/\/entretormentas.com\/index.php?rest_route=\/wp\/v2\/posts\/22165\/revisions"}],"predecessor-version":[{"id":22169,"href":"https:\/\/entretormentas.com\/index.php?rest_route=\/wp\/v2\/posts\/22165\/revisions\/22169"}],"wp:featuredmedia":[{"embeddable":true,"href":"https:\/\/entretormentas.com\/index.php?rest_route=\/wp\/v2\/media\/22168"}],"wp:attachment":[{"href":"https:\/\/entretormentas.com\/index.php?rest_route=%2Fwp%2Fv2%2Fmedia&parent=22165"}],"wp:term":[{"taxonomy":"category","embeddable":true,"href":"https:\/\/entretormentas.com\/index.php?rest_route=%2Fwp%2Fv2%2Fcategories&post=22165"},{"taxonomy":"post_tag","embeddable":true,"href":"https:\/\/entretormentas.com\/index.php?rest_route=%2Fwp%2Fv2%2Ftags&post=22165"}],"curies":[{"name":"wp","href":"https:\/\/api.w.org\/{rel}","templated":true}]}}