{"id":22170,"date":"2025-09-21T06:43:49","date_gmt":"2025-09-21T10:43:49","guid":{"rendered":"https:\/\/entretormentas.com\/?p=22170"},"modified":"2025-09-21T06:43:50","modified_gmt":"2025-09-21T10:43:50","slug":"preparacion-y-responsabilidad-social-unt-zulia-realiza-taller-de-formacion-politica-para-concejales","status":"publish","type":"post","link":"https:\/\/entretormentas.com\/preparacion-y-responsabilidad-social-unt-zulia-realiza-taller-de-formacion-politica-para-concejales\/","title":{"rendered":"\u00a1PREPARACI\u00d3N Y RESPONSABILIDAD SOCIAL! UNT Zulia realiza Taller de Formaci\u00f3n Pol\u00edtica para Concejales"},"content":{"rendered":"\n<p><strong>ENTRE TORMENTAS.<\/strong> Un Nuevo Tiempo (UNT) Zulia llev\u00f3 a cabo el Taller de Formaci\u00f3n Pol\u00edtica para Concejales, una iniciativa organizada por la presidenta regional del partido, Nora Bracho, junto al secretario de asuntos municipales, Horacio Mar\u00edn Freites, y la coordinadora de formaci\u00f3n pol\u00edtica, Ruth Guerrero.<\/p>\n\n\n\n<p>Durante la apertura, Nora Bracho destac\u00f3 que los concejales de UNT tienen una responsabilidad social directa con la gente, y subray\u00f3 que la formaci\u00f3n pol\u00edtica es fundamental para el correcto ejercicio de sus funciones. \u201cEn Un Nuevo Tiempo seguimos contribuyendo con la formaci\u00f3n de nuestra gente para que est\u00e9 preparada para servir a la ciudadan\u00eda. Este tipo de iniciativas continuar\u00e1n porque creemos en la pol\u00edtica como herramienta para construir soluciones y generar bienestar\u201d, afirm\u00f3 Bracho.<\/p>\n\n\n\n<figure class=\"wp-block-image size-large\"><img fetchpriority=\"high\" decoding=\"async\" width=\"1024\" height=\"571\" src=\"https:\/\/entretormentas.com\/wp-content\/uploads\/2025\/09\/untreunion2-1024x571.jpeg\" alt=\"\" class=\"wp-image-22171\" srcset=\"https:\/\/entretormentas.com\/wp-content\/uploads\/2025\/09\/untreunion2-1024x571.jpeg 1024w, https:\/\/entretormentas.com\/wp-content\/uploads\/2025\/09\/untreunion2-300x167.jpeg 300w, https:\/\/entretormentas.com\/wp-content\/uploads\/2025\/09\/untreunion2-768x428.jpeg 768w, https:\/\/entretormentas.com\/wp-content\/uploads\/2025\/09\/untreunion2.jpeg 1280w\" sizes=\"(max-width: 1024px) 100vw, 1024px\" \/><\/figure>\n\n\n\n<p>El taller cont\u00f3 con la participaci\u00f3n de destacados ponentes, entre ellos el reconocido historiador Livio de Los R\u00edos, quien abord\u00f3 la esencia de la pol\u00edtica, defini\u00e9ndola como el arte de dirigir, de tomar decisiones, de ejercer poder, pero sobre todo de servir a la sociedad.<\/p>\n\n\n\n<p>En la segunda parte de la jornada, la abogada Kendrina Torres expuso sobre las leyes que rigen la municipalidad, la Constituci\u00f3n de la Rep\u00fablica y el marco jur\u00eddico de la legislaci\u00f3n municipal, as\u00ed como el poder p\u00fablico municipal y la actividad legislativa.<\/p>\n\n\n\n<p>Este espacio acad\u00e9mico y formativo busca fortalecer las capacidades de los concejales zulianos, brind\u00e1ndoles herramientas te\u00f3ricas y pr\u00e1cticas para un desempe\u00f1o eficiente y responsable en el marco de sus atribuciones. La formaci\u00f3n pol\u00edtica no solo enriquece el ejercicio de los cargos p\u00fablicos, sino que tambi\u00e9n fortalece la democracia interna y la relaci\u00f3n con las comunidades.<\/p>\n\n\n\n<p>Con este taller, UNT Zulia ratifica su compromiso de impulsar la capacitaci\u00f3n constante de sus cuadros pol\u00edticos y de consolidar liderazgos al servicio de los ciudadanos.<br><strong><em>ET \/ Nota de Prensa<\/em><\/strong><\/p>\n","protected":false},"excerpt":{"rendered":"<p>ENTRE TORMENTAS. Un Nuevo Tiempo (UNT) Zulia llev\u00f3 a cabo el Taller de Formaci\u00f3n Pol\u00edtica&#8230;<\/p>\n","protected":false},"author":2,"featured_media":22172,"comment_status":"closed","ping_status":"open","sticky":false,"template":"","format":"standard","meta":{"footnotes":""},"categories":[57,1],"tags":[],"class_list":["post-22170","post","type-post","status-publish","format-standard","has-post-thumbnail","hentry","category-actualidad","category-regionales"],"_links":{"self":[{"href":"https:\/\/entretormentas.com\/index.php?rest_route=\/wp\/v2\/posts\/22170","targetHints":{"allow":["GET"]}}],"collection":[{"href":"https:\/\/entretormentas.com\/index.php?rest_route=\/wp\/v2\/posts"}],"about":[{"href":"https:\/\/entretormentas.com\/index.php?rest_route=\/wp\/v2\/types\/post"}],"author":[{"embeddable":true,"href":"https:\/\/entretormentas.com\/index.php?rest_route=\/wp\/v2\/users\/2"}],"replies":[{"embeddable":true,"href":"https:\/\/entretormentas.com\/index.php?rest_route=%2Fwp%2Fv2%2Fcomments&post=22170"}],"version-history":[{"count":1,"href":"https:\/\/entretormentas.com\/index.php?rest_route=\/wp\/v2\/posts\/22170\/revisions"}],"predecessor-version":[{"id":22173,"href":"https:\/\/entretormentas.com\/index.php?rest_route=\/wp\/v2\/posts\/22170\/revisions\/22173"}],"wp:featuredmedia":[{"embeddable":true,"href":"https:\/\/entretormentas.com\/index.php?rest_route=\/wp\/v2\/media\/22172"}],"wp:attachment":[{"href":"https:\/\/entretormentas.com\/index.php?rest_route=%2Fwp%2Fv2%2Fmedia&parent=22170"}],"wp:term":[{"taxonomy":"category","embeddable":true,"href":"https:\/\/entretormentas.com\/index.php?rest_route=%2Fwp%2Fv2%2Fcategories&post=22170"},{"taxonomy":"post_tag","embeddable":true,"href":"https:\/\/entretormentas.com\/index.php?rest_route=%2Fwp%2Fv2%2Ftags&post=22170"}],"curies":[{"name":"wp","href":"https:\/\/api.w.org\/{rel}","templated":true}]}}