{"id":22174,"date":"2025-09-21T06:47:34","date_gmt":"2025-09-21T10:47:34","guid":{"rendered":"https:\/\/entretormentas.com\/?p=22174"},"modified":"2025-09-21T06:47:35","modified_gmt":"2025-09-21T10:47:35","slug":"a-traves-del-ima-alcaldia-de-maracaibo-presente-en-el-dia-mundial-de-las-playas","status":"publish","type":"post","link":"https:\/\/entretormentas.com\/a-traves-del-ima-alcaldia-de-maracaibo-presente-en-el-dia-mundial-de-las-playas\/","title":{"rendered":"\u00a1A TRAV\u00c9S DEL IMA! Alcald\u00eda de Maracaibo presente en el d\u00eda Mundial de las Playas"},"content":{"rendered":"\n<p><strong>ENTRE TORMENTAS. <\/strong>Cada tercer s\u00e1bado del mes de septiembre se celebra el Dia Mundial de las Playas y la Alcald\u00eda de Maracaibo, a trav\u00e9s del Instituto Municipal del Ambiente, permanentemente trabaja por el saneamiento de las riberas del Lago de Maracaibo, y este esfuerzo se genera desde la limpieza y mantenimiento de las ca\u00f1adas, evitando as\u00ed el desemboque del material pl\u00e1stico y otros elementos de contaminaci\u00f3n a las orillas de nuestro lago.<\/p>\n\n\n\n<p>Se trata de una lucha constante y el Alcalde Giancarlo Di Martino lo tiene presente como estrategia que viene vinculada a los 7 v\u00e9rtices de transformaci\u00f3n de la Gran Misi\u00f3n Madre Tierra, impulsada por el Presidente Nicol\u00e1s Maduro, que involucra los temas ambientales: \u201cSaneamiento para la vida\u201d. Estos v\u00e9rtices, buscan organizar, formar, sembrar, sanear y proteger el territorio, el clima, la fauna y la producci\u00f3n de Venezuela para promover una cultura eco socialista y mitigar los efectos del cambio clim\u00e1tico.<\/p>\n\n\n\n<figure class=\"wp-block-image size-full\"><img fetchpriority=\"high\" decoding=\"async\" width=\"720\" height=\"760\" src=\"https:\/\/entretormentas.com\/wp-content\/uploads\/2025\/09\/playadia1.jpeg\" alt=\"\" class=\"wp-image-22175\" srcset=\"https:\/\/entretormentas.com\/wp-content\/uploads\/2025\/09\/playadia1.jpeg 720w, https:\/\/entretormentas.com\/wp-content\/uploads\/2025\/09\/playadia1-284x300.jpeg 284w\" sizes=\"(max-width: 720px) 100vw, 720px\" \/><\/figure>\n\n\n\n<p>Este a\u00f1o, el Alcalde Giancarlo Di Martino, escogi\u00f3 como lugar de atenci\u00f3n para celebrar el Dia Mundial de las Playas, el sector Macuto, de la parroquia Santa Lucia, all\u00ed sus habitantes, conformados por 159 familias y 117 viviendas, recibieron a grupos ambientalistas, al Consejo Comunal Robert Serra, guiados por la l\u00edder Yelitza Mora, integrados todos, en la atenci\u00f3n para la limpieza de la famosa playa Macuto, considerada para ellos como moradores, un lugar de confort, a pesar de los problemas que presenta.<\/p>\n\n\n\n<p>Quienes residen en el sector playa Macuto, agradecieron la jornada que impuls\u00f3 la Alcald\u00eda de Maracaibo, y solicitaron al presidente del IMA, Janner P\u00e9rez, la limpieza y mantenimiento de la ca\u00f1ada, ubicada en la entrada del popular sector, lo cual de inmediato tuvo respuesta positiva.<\/p>\n\n\n\n<p>Janner P\u00e9rez manifest\u00f3 estar complacido de la actividad que agrup\u00f3 a parte de su personal de Fiscalizaci\u00f3n Ambiental y Oficina de Atenci\u00f3n al Ciudadano (OAC),adem\u00e1s de cuadrillas especiales de limpieza para atender, sanear las riberas de la comunidad de Playa Macuto, dando fe, de que la intenci\u00f3n es mantener la lucha por un lago libre de contaminaci\u00f3n y crear conciencia en los habitantes de la zona para que sean vigilantes del mantenimiento adecuado.<\/p>\n\n\n\n<p>P\u00e9rez dijo que la gente debe incorporarse, \u00abhay que masificar esfuerzos, combatir la desidia que hubo en 17 a\u00f1os\u201d.<br><strong><em>ET \/ Prensa Alcald\u00eda de Maracaibo<\/em><\/strong><\/p>\n\n\n\n<p><\/p>\n","protected":false},"excerpt":{"rendered":"<p>ENTRE TORMENTAS. Cada tercer s\u00e1bado del mes de septiembre se celebra el Dia Mundial de&#8230;<\/p>\n","protected":false},"author":2,"featured_media":22176,"comment_status":"closed","ping_status":"open","sticky":false,"template":"","format":"standard","meta":{"footnotes":""},"categories":[57,1],"tags":[],"class_list":["post-22174","post","type-post","status-publish","format-standard","has-post-thumbnail","hentry","category-actualidad","category-regionales"],"_links":{"self":[{"href":"https:\/\/entretormentas.com\/index.php?rest_route=\/wp\/v2\/posts\/22174","targetHints":{"allow":["GET"]}}],"collection":[{"href":"https:\/\/entretormentas.com\/index.php?rest_route=\/wp\/v2\/posts"}],"about":[{"href":"https:\/\/entretormentas.com\/index.php?rest_route=\/wp\/v2\/types\/post"}],"author":[{"embeddable":true,"href":"https:\/\/entretormentas.com\/index.php?rest_route=\/wp\/v2\/users\/2"}],"replies":[{"embeddable":true,"href":"https:\/\/entretormentas.com\/index.php?rest_route=%2Fwp%2Fv2%2Fcomments&post=22174"}],"version-history":[{"count":1,"href":"https:\/\/entretormentas.com\/index.php?rest_route=\/wp\/v2\/posts\/22174\/revisions"}],"predecessor-version":[{"id":22177,"href":"https:\/\/entretormentas.com\/index.php?rest_route=\/wp\/v2\/posts\/22174\/revisions\/22177"}],"wp:featuredmedia":[{"embeddable":true,"href":"https:\/\/entretormentas.com\/index.php?rest_route=\/wp\/v2\/media\/22176"}],"wp:attachment":[{"href":"https:\/\/entretormentas.com\/index.php?rest_route=%2Fwp%2Fv2%2Fmedia&parent=22174"}],"wp:term":[{"taxonomy":"category","embeddable":true,"href":"https:\/\/entretormentas.com\/index.php?rest_route=%2Fwp%2Fv2%2Fcategories&post=22174"},{"taxonomy":"post_tag","embeddable":true,"href":"https:\/\/entretormentas.com\/index.php?rest_route=%2Fwp%2Fv2%2Ftags&post=22174"}],"curies":[{"name":"wp","href":"https:\/\/api.w.org\/{rel}","templated":true}]}}